{"id":871,"date":"2022-06-27T09:00:07","date_gmt":"2022-06-27T09:00:07","guid":{"rendered":"http:\/\/www.gipps.org\/revistaredes\/?p=871"},"modified":"2022-06-28T14:53:38","modified_gmt":"2022-06-28T14:53:38","slug":"como-detectar-si-alguien-cercano-a-nosotros-presenta-ideacion-suicida-en-postpandemia","status":"publish","type":"post","link":"https:\/\/www.gipps.org\/revistaredes\/entrevista\/como-detectar-si-alguien-cercano-a-nosotros-presenta-ideacion-suicida-en-postpandemia\/","title":{"rendered":"\u00bfC\u00d3MO DETECTAR SI ALGUIEN CERCANO A NOSOTROS PRESENTA IDEACI\u00d3N SUICIDA EN POSTPANDEMIA?"},"content":{"rendered":"\n<div class=\"wp-block-image\"><figure class=\"aligncenter\"><img decoding=\"async\" loading=\"lazy\" width=\"263\" height=\"153\" src=\"https:\/\/www.gipps.org\/revistaredes\/wp-content\/uploads\/2022\/06\/Captura-de-Pantalla-2022-06-28-a-las-9.46.46.png\" alt=\"\" class=\"wp-image-998\"\/><figcaption>Dra. Luz de Lourdes Eguiluz Romo<br>Universidad Nacional Aut\u00f3noma de M\u00e9xico<\/figcaption><\/figure><\/div>\n\n\n\n<p>Entrevista realizada por Lic. Maura Z\u00fa\u00f1iga Rodr\u00b4\u00edguez<\/p>\n\n\n\n<p>Facultad de estudios Superiores Iztacala, UNAM.<\/p>\n\n\n\n<figure class=\"wp-block-embed-youtube wp-block-embed is-type-video is-provider-youtube wp-embed-aspect-16-9 wp-has-aspect-ratio\"><div class=\"wp-block-embed__wrapper\">\n<iframe loading=\"lazy\" title=\"Entrevista: \u00bfC\u00d3MO DETECTAR SI ALGUIEN CERCANO A NOSOTROS PRESENTA IDEASI\u00d3N SUICIDA EN POSTPANDEMIA?\" width=\"500\" height=\"281\" src=\"https:\/\/www.youtube.com\/embed\/6GEuh1Hhqlw?feature=oembed\" frameborder=\"0\" allow=\"accelerometer; autoplay; clipboard-write; encrypted-media; gyroscope; picture-in-picture\" allowfullscreen><\/iframe>\n<\/div><\/figure>\n\n\n<p>Cita recomendada:<\/p>\n<p>Z\u00fa\u00f1iga-Rodr\u00edguez,\u00a0\u00a0\u00a0\u00a0\u00a0\u00a0 M.\u00a0\u00a0\u00a0\u00a0\u00a0\u00a0\u00a0 (2022). \u00bfC\u00f3mo detectar si alguien cercano a nosotros presenta ideaci\u00f3n suicida en postpandemia? [Entrevista a Luz de Lourdes Eguiluz Romo]. Revista de Divulgaci\u00f3n Crisis y Retos en la Familia y Pareja, 4(1), 47-51. <a href=\"https:\/\/doi.org\/10.22402\/j.rdcrfp.unam.4.1.2022.472.47-51\">https:\/\/doi.org\/10.22402\/j.rdcrfp.unam.4.1.2022.472.47-51<\/a><\/p>\n\n\n<p><strong>Entrevistador: <\/strong>Buenas tardes es un\nhonor y un placer contar con la presencia de la Dra. Eguiluz, que tiene una\ntrayectoria muy grande, muy amplia en el \u00e1rea de la investigaci\u00f3n aqu\u00ed en la\nUNAM, pero qui\u00e9n mejor que ella para decirnos, inicio la entrevista preguntando\n\u00bfQui\u00e9n es la doctora Eguiluz?<\/p>\n\n\n\n<p><strong>Doctora Eguiluz: <\/strong>Soy\nyo (risas), \u00bfpero qu\u00e9 he hecho a lo largo de toda esta historia? bueno,\nempezar\u00eda por decirte que primero estudi\u00e9 la carrera de educadora porque era lo\nque se pod\u00eda estudiar en aquella \u00e9poca, despu\u00e9s me cas\u00e9, tuve tres hijos que\ntambi\u00e9n es parte de esta historia de qui\u00e9n soy yo, despu\u00e9s empec\u00e9 en el CCH\nNaucalpan me encant\u00f3 darme cuenta de mil cosas que no sab\u00eda porque me tocaron\nprofesores del sesenta y ocho, imag\u00ednate, y despu\u00e9s entr\u00e9 a psicolog\u00eda en\nIztacala en la segunda generaci\u00f3n, \u00f3sea, ya tengo una historia de cuarenta a\u00f1os\nde haber estudiado psicolog\u00eda en Iztacala. <\/p>\n\n\n\n<p>Despu\u00e9s de Iztacala pusimos un consultorio entre varias compa\u00f1eras que todav\u00eda dan clases ah\u00ed en Iztacala y en ese consultorio me di cuenta que no bastaba la teor\u00eda conductual para trabajar en psicolog\u00eda y nos propusimos cada una de nosotros, \u00e9ramos cinco dos hombres y tres mujeres, perd\u00f3n \u00e9ramos seis, y nos propusimos estudiar una l\u00ednea distinta de psicolog\u00eda, la verdad a m\u00ed el psicoan\u00e1lisis no me gust\u00f3, despu\u00e9s de que empec\u00e9 a estudiarlo me pareci\u00f3 demasiado rebuscado, demasiado enredado y como para ciertas personas podr\u00eda ser \u00fatil, pero para lo que nosotros est\u00e1bamos haciendo en la Cl\u00ednica de Educaci\u00f3n y Desarrollo no era necesario, entonces dije no pues yo me quedo con lo cognitivo conductual, pero, un compa\u00f1ero me dijo que acababan de abrir la maestr\u00eda en terapia familiar en la Universidad de las Am\u00e9ricas, y dije esa maestr\u00eda de qu\u00e9 se trata, y me fui, me enter\u00e9, era una maestr\u00eda sist\u00e9mica algo totalmente nuevo para m\u00ed, porque yo hab\u00eda estudiado primero conductismo en Iztacala las primeras generaciones, y despu\u00e9s cognitivo conductual, pero todo ten\u00eda el mismo enfoque epistemol\u00f3gico, y ac\u00e1 en la Universidad de las Am\u00e9ricas la maestr\u00eda era en sist\u00e9mica, una maestr\u00eda sist\u00e9mica, en la que no solamente ve\u00edamos al paciente como individuo sino que ve\u00edamos al grupo a la familia, y me encant\u00f3, me pareci\u00f3 excelente, despu\u00e9s de la maestr\u00eda estudi\u00e9 un doctorado en investigaci\u00f3n psicol\u00f3gica y un posdoctorado en la Universidad de Barcelona, all\u00e1 en Madrid, bueno no en Madrid en Espa\u00f1a,\u00a0 y despu\u00e9s de este posdoctorado tambi\u00e9n, como era tambi\u00e9n en investigaci\u00f3n est\u00e1bamos haciendo pr\u00e1cticas en el Hospital de la Santa Cruz y San Pablo, me sirvi\u00f3 much\u00edsimo porque vi cosas que no hab\u00edamos visto en Iztacala, ni en la maestr\u00eda tampoco, entonces me gust\u00f3 much\u00edsimo este posdoctorado all\u00e1 en la Universidad de Barcelona y despu\u00e9s de eso, bueno, empec\u00e9 a dar clases desde antes, desde que termin\u00e9 la licenciatura en Iztacala, me jubil\u00e9 despu\u00e9s de 39 a\u00f1os de docencia, llegu\u00e9 a ser la directora de la Facultad de Psicolog\u00eda en 1995, a trav\u00e9s de nuestras gestiones se hizo la maestr\u00eda en terapia familiar en Iztacala y posteriormente en CU, pero un a\u00f1o antes ya hab\u00edamos formado junto con otros compa\u00f1eros la maestr\u00eda en terapia sist\u00e9mica en la Universidad Aut\u00f3noma de Tlaxcala, f\u00edjate, antes de CU, antes de Iztacala, hicimos la maestr\u00eda en sist\u00e9mica en la Universidad Aut\u00f3noma de Tlaxcala, una universidad tambi\u00e9n aut\u00f3noma, una Universidad del Estado, como puede ser la UNAM, y la verdad que gusto nos dio a los que participamos poder empezar de cero y entrenar gente en sist\u00e9mica, porque era incluir ya sea la pareja de padres cuando ten\u00edan un ni\u00f1o problema, y ya no nada m\u00e1s ve\u00edamos al ni\u00f1o sino al ni\u00f1o con los padres y a veces inclu\u00edamos a la abuela, porque la abuela cuidaba al ni\u00f1o, en fin, me encant\u00f3 lo sist\u00e9mico desde aquella \u00e9poca, ese es un poco la historia de la academia, la historia de mis estudios digamos.<\/p>\n\n\n\n<p>Mira con la cl\u00ednica, te dec\u00eda, la pusimos desde que terminamos\npsicolog\u00eda con los compa\u00f1eros, se llama Cl\u00ednica de Educaci\u00f3n y Desarrollo est\u00e1\nregistrada ante notario y todo, de aquellos cinco compa\u00f1eros que empezamos\nahora s\u00ed la \u00fanica que qued\u00f3 fui yo porque todos eran mucho m\u00e1s j\u00f3venes e\nhicieron sus vidas, se casaron, se fueron del pa\u00eds, se fueron a estudiar otra\nmaestr\u00eda a otro lado, en fin, hicieron sus vidas.<\/p>\n\n\n\n<p>&nbsp;Y entonces ya nada m\u00e1s me qued\u00e9 yo con el\nconsultorio, con el cual ya tenemos pues m\u00e1s de cuarenta a\u00f1os yo creo porque\nempezamos cuando terminamos psicolog\u00eda, pero lo que m\u00e1s pide la gente es\natenci\u00f3n, por lo menos aqu\u00ed, para sus hijos, \u00bfs\u00ed?, atenci\u00f3n a nivel pareja,\n\u00f3sea problemas de parejas y problemas de adolescentes son los que m\u00e1s veos aqu\u00ed\nen el consultorio. <\/p>\n\n\n\n<p> Y tengo ya algunos de los compa\u00f1eros que se han especializado en ver problemas de adolescentes y por mi edad a m\u00ed me gusta ver m\u00e1s los problemas de familia y los problemas de pareja, entonces eso son los problemas que vemos, \u00bfy qu\u00e9 veos de las parejas? \u00bfy que vemos de los adolescentes?, bueno por estos dos a\u00f1os de pandemia hay cosas muy muy fuertes que est\u00e1n ocurriendo que me imagino Maura, que t\u00fa tambi\u00e9n te has dado cuenta de c\u00f3mo, pues, much\u00edsima gente se ha visto afectada por la pandemia, y qu\u00e9 estamos viendo, problemas de parejas muy serios, divorcios, violencia, eh, cosas muy graves que no ve\u00edamos antes de la pandemia, y en los j\u00f3venes lo que estamos viendo es deserci\u00f3n escolar, desesperanza, y tendencias suicidas que antes no se ve\u00edan, tengo yo creo que trece o catorce a\u00f1os de haber formado la Asociaci\u00f3n Mexicana de Suicidolog\u00eda,\u00a0 tenemos compa\u00f1eros de diferentes universidades de Guadalajara, de Le\u00f3n, de Monterrey formando parte de la asociaci\u00f3n porque hacemos investigaci\u00f3n y hacemos servicio cl\u00ednico, y ha ayudado much\u00edsimo en la pandemia porque no hab\u00edan lugares que trabajaran terapia de emergencia, m\u00e1s que Iztacala, pero en Iztacala ve\u00edamos solamente a los chicos que estaban como alumnos de Iztacala, fueran de la carrera que fueran, pero en SUAyED ve\u00edamos gente de Iztacala, en aquella \u00e9poca, entonces no nos d\u00e1bamos abasto y esta Asociaci\u00f3n adem\u00e1s de hacer investigaci\u00f3n sobre ideaci\u00f3n suicida y desesperanza empezamos a trabajar tambi\u00e9n sobre esas mismas l\u00edneas con distintos modelos, porque hab\u00eda dentro de los profesores, algunos psicoanalistas, otros conductistas y en mi caso sist\u00e9micos, entonces, dependiendo de las necesidades de los pacientes les ofrec\u00edamos uno u otro modelo, entonces s\u00ed habido un incremento en la necesidad de ayuda de las personas, te digo, en el caso de la violencia familiar se ha incrementado la cantidad de separaciones, divorcios, enga\u00f1os, salida de alguno de los dos por divorcio o separaci\u00f3n, la desesperanza de los hijos cuando la relaci\u00f3n de los padres termina de una forma conflictiva y no vuelven a ver alguno de los dos, todo esto en la pareja. En los j\u00f3venes, lo que m\u00e1s se ha incrementado es la desesperanza e ideaci\u00f3n suicida.<\/p>\n\n\n\n<p><strong>Dra. Eguiluz:<\/strong> Que bueno que lo notas, yo creo que todos por m\u00e1s distra\u00eddos que seamos notamos el malestar, ser\u00eda absurdo que no not\u00e1ramos que nos duele una muela, o que no not\u00e1ramos que estamos cansados o no not\u00e1ramos que necesitamos ayuda, ahora, no todos los que necesitan ayuda acuden al psic\u00f3logo porque sigue existiendo esta idea de que el que va al psic\u00f3logo es porque est\u00e1 loco, f\u00edjate nada m\u00e1s en qu\u00e9 nivel andamos,\u00a0 y no quieren ir al psic\u00f3logo porque qu\u00e9 van a decir, etc., sucede lo mismo que con la ideaci\u00f3n suicida o con el suicidio ya consumado, se sigue ocultando la realidad como si fuera una verg\u00fcenza, que para muchos lo es el hecho de que un hijo se suicide o de que un padre se suicide o una madre tome est\u00e1 decisi\u00f3n, pero son decisiones personales.<\/p>\n\n\n\n<p>Y para mi esa persona est\u00e1 sufriendo demasiado, entonces el\nprimer s\u00edntoma es el sufrimiento, ahora, a nivel conductual hay muchas cosas\nque se pueden observar, si uno es el adulto que observa a sus hijos puede\ndetectar cambios en su comportamiento, cambios tales como no quiere comer, no\nbaja de su cuarto o no asiste como antes a ver alguna pel\u00edcula que ve\u00edamos\njuntos, ya no participa en los juegos que jugaba, ya no quiere ir a la escuela,\nno quiere tener reuniones con sus amigos, \u00f3sea todos estos comportamientos son\nmuy diferentes hacia atr\u00e1s podr\u00edamos comparar con el ahora y nos dar\u00edamos\ncuenta de que este muchacho tiene alg\u00fan problema y lo primero que tenemos que\nhacer como padres o tutores de un joven es preguntar ante las sospechas, porque\nah\u00ed tenemos otro de los grandes mitos sobre el suicidio, si preguntas le estas\ndando ideas para suicidarse, absurdo totalmente, si preguntas es porque amas a\ntu hijo, si preguntas es porque te interesa su salud emocional, si preguntas es\nporque has observado cosas&nbsp; que a ti como\nmadre o padre de familia te est\u00e1n llamando la atenci\u00f3n y hay que hablar con\nellos, \u00bfoye por qu\u00e9 ya no haces esto? \u00bfoye por qu\u00e9 no vienes a desayunar? \u00bfoye\npor qu\u00e9 no comes lo mismo? \u00bfpor qu\u00e9 estas despierto hasta las tres de la\nma\u00f1ana? \u00bfqu\u00e9 es lo que tanto te atrae en el celular, que te pasas todo el d\u00eda\nmirando el celular? \u00bfpor qu\u00e9 no quieres ir a la escuela?<\/p>\n\n\n\n<p>F\u00edjate, la terapia que nosotros hacemos no es dar consejos, es\nhacer preguntas, cuando t\u00fa haces preguntas das oportunidad a que la persona\nhable y te diga, y &nbsp;vas &nbsp;preguntando y &nbsp;preguntando &nbsp;para llegar al meollo, al fondo del asunto, \u00bfpor qu\u00e9 se quiere ir?, a\nveces los muchachos lo dicen claramente, yo ya no quiero estar aqu\u00ed, ya estoy\nharto, ya me quiero largar, ese me quiero ir, me quiero largar, ya no quiero\nestar aqu\u00ed, tiene a veces el significado de muerte, y hay que preguntar, no\nhacernos sordos no hacer como que no nos damos cuenta, es tu obligaci\u00f3n como\npadre de familia, como tutor, como autoridad del grupo social que se llama\nfamilia hacer estas preguntas de la mejor manera y en el mejor momento.<\/p>\n\n\n\n<p>\u00bfCu\u00e1ndo es el mejor momento para preguntar? S\u00ed lo hay, por\nsupuesto que no va ha ser preguntarle al marido cuando viene del trabajo y le\ntoc\u00f3 todo el tr\u00e1fico de regreso o le toc\u00f3 una marcha ah\u00ed que taparon la v\u00eda,\npues no vamos a buscar ese momento, busquemos el momento m\u00e1s adecuado, \u00bfcu\u00e1ndo?\nDespu\u00e9s de una cena agradable donde se platicaron temas importantes, despu\u00e9s de\nestar bien con tu pareja, puedes hacer estas preguntas, despu\u00e9s de estar bien\ncon tu hijo, despu\u00e9s que han pasado un momento agradable decir que estas\npreocupada porque estas mirando cosas que \u00e9l est\u00e1 haciendo y antes no hac\u00eda.\nTodas estas son se\u00f1ales, se\u00f1ales que a la mejor para una mente no entrenada o\npara una persona que no le interesan los dem\u00e1s no las ver\u00eda, pero si a ti te\ninteresan tus hijos, tus primos, tus parientes, tus amigos y tus alumnos, que\ntambi\u00e9n uno puede darse cuenta como profesor que uno de los alumnos que antes\nparticipaba y que se sentaba hasta adelante, ahora ya no participa, se sienta\nhasta atr\u00e1s y esta medio dormido en la clase, esta agachado, ya no quiere\nhablar, \u00bfqu\u00e9 le pasa?, hay que preguntar y hay que acompa\u00f1ar a esa persona para\npoder estar cerca de \u00e9l o de ella cuando m\u00e1s lo necesita. Entonces, todos estos\nson signos algunos de ellos comportamentales, algunos otros son signos verbales\nque hay que escuchar y que hay que entender, pero todo esto nos da una idea de\nque algo diferente est\u00e1 pasando en la persona que t\u00fa quieres.&nbsp; <\/p>\n\n\n\n<p><strong>Entrevistador: <\/strong>Despu\u00e9s\nde preguntar, ya vemos que tiene un problema, presenta una situaci\u00f3n,\nllam\u00e9mosle situaci\u00f3n \u00bfc\u00f3mo motivarles o ayudarles a que busque ayuda\nprofesional? Porque yo como mam\u00e1 lo puedo escuchar, pero no tengo esas\nherramientas para ayudarlo.<\/p>\n\n\n\n<p><strong>Dra. Eguiluz:<\/strong> Tienes mucha raz\u00f3n, lo\nprimero que tenemos que hacer es darnos cuenta, lo segundo preguntar y despu\u00e9s\nacompa\u00f1ar y a veces uno dici\u00e9ndole yo necesito que me apoye un psic\u00f3logo, \u00bfme\npuedes acompa\u00f1ar? Porque yo estoy muy preocupada por ti y a lo mejor no tengo\nporque preocuparme, pero si me acompa\u00f1as me vas a ayudar mucho, este tipo de\nconversaci\u00f3n con el muchacho puede ayudar mucho a que \u00e9l vaya, para salir de\ndudas, no lo est\u00e1s acusando, no lo est\u00e1s se\u00f1alando como que \u00e9l es el problema,\nsino t\u00fa eres tan fuerte, tienes tantas habilidades acomp\u00e1\u00f1ame, acomp\u00e1\u00f1ame y\nvamos a hablar con alguien que sepa. Por eso es muy importante que Iztacala\nhaga saber a mucha poblaci\u00f3n que estamos apoyando a la gente en el servicio\npsicol\u00f3gico casi gratuito, y tambi\u00e9n que hay servicio para terapia familiar\ncasi tambi\u00e9n que gratuito en Iztacala.<\/p>\n\n\n\n<p>Pero, adem\u00e1s tenemos muchas otras instancias que en este momento est\u00e1n apoyando, mira, la Universidad Iberoamericana est\u00e1 apoyando tambi\u00e9n gratuitamente a los j\u00f3venes que quieran acudir, tambi\u00e9n est\u00e1 SAPTEL el Sistema de Apoyo Psicol\u00f3gico por tel\u00e9fono, ya est\u00e1n haciendo sesiones no solamente telef\u00f3nicas si no directas con todo el apoyo con la supervisi\u00f3n de algunos de nosotros se est\u00e1 haciendo. Entonces, de todo esto hay que estar enterados \u00bfd\u00f3nde? \u00bfcu\u00e1nto cuesta? \u00bfc\u00f3mo se llega? Y acompa\u00f1ar al joven.<\/p>\n\n\n\n<p> Yo me acuerdo que por ejemplo ah\u00ed en Iztacala, lo que hac\u00edamos era tener a est\u00e9 grupo que le llam\u00e1bamos, no eran vigilantes, grupo de apoyo para darse cuenta si alguno de sus compa\u00f1eros ten\u00eda necesidad de ver al psic\u00f3logo, entonces lo que hac\u00edamos era acompa\u00f1ar al muchacho a los consultorios y esperar hasta que pudiera recibir el apoyo, porque lo m\u00e1s f\u00e1cil es decir chin ya me cacharon, ya se dieron cuenta que estoy triste, que me quiero matar, no, no, pero entonces no voy, porque me van a rega\u00f1ar, me van a se\u00f1alar, porque lo van a saber mis pap\u00e1s, se quieren escapar de todo lo que implique, se van a dar cuenta por que te dec\u00eda que otro de los tantos mitos es quien se suicida est\u00e1 loco, quien se suicida es una persona que tiene tantos problemas que no pudo aguantarse, es un cobarde. Todos estos mitos alrededor del suicidio da\u00f1an a la persona que tiene ganas de escapar de la situaci\u00f3n que vive, por eso muchas veces se quedan callados, no lo externan, no buscan ayuda, y nuestra obligaci\u00f3n como adultos, como psic\u00f3logos, como padres de familia es acompa\u00f1ar al chico, acompa\u00f1ar al joven, con alguien sepa por que no cualquier psic\u00f3logo sabe tratar casos de ideaci\u00f3n suicida o de suicidio consumado, por que hemos tenido precisamente personas que ya han vivido el suicidio de uno de sus hijos y se encuentran desolados el grupo familiar, no solamente porque ellos lo sienten como no me di cuenta, por qu\u00e9, la culpa, pero adem\u00e1s con el miedo de que otro de sus hijos hagan lo mismo, entonces necesitamos tener muchos ojos, muchos o\u00eddos para poder atender todo esto que est\u00e1 sucediendo con la pandemia m\u00e1s, pero ya suced\u00eda y que iba en incremento desde hace m\u00e1s de treinta a\u00f1os en M\u00e9xico. <\/p>\n\n\n\n<p><strong>Entrevistador:<\/strong> Cierro la entrevista,\nmuchas gracias, s\u00f3lo me queda agradecerle toda la informaci\u00f3n, es valioso saber\n\u00bfqu\u00e9 hacer? En ocasiones nos quedamos con la idea de si le pregunto me va a\nrechazar, o \u00bfc\u00f3mo invitarlos a que vayan a terapia? \n\n<\/p>\n\n\n\n<p><strong>Dra.\nEguiluz: <\/strong>Y f\u00edjate, Maura que\ntambi\u00e9n ser\u00eda muy interesante que los padres de familia, los educadores, los\nmaestros de primaria, conocieran que cada vez hay j\u00f3venes m\u00e1s jovencitos, m\u00e1s\nchiquitos, m\u00e1s ni\u00f1os que piensan en el suicidio. Tuvimos, me acuerdo en la\n\u00faltima familia que vimos una ni\u00f1a de ocho a\u00f1os con dos intentos de suicidio,\n\u00f3sea, el hecho que sean jovencitos, el hecho de que sean ni\u00f1os no los exime de\nsufrir, no los hace un lado y por eso tambi\u00e9n conocer los mitos alrededor del\nsuicidio vale la pena publicarlos, leerlos, conocerlos, ampliar nuestras ideas\npara que los mitos empiecen tambi\u00e9n a desaparecer.<\/p>\n\n\n\n<p>Gracias Maura, gracias a la UNAM por esta\nentrevista, ojal\u00e1 y mucha gente pueda ver todo esto y sobre todo no solamente\nlo que yo he dicho en este corto tiempo sino empezar a estudiar sobre el\nsuicidio y ver, volvernos como amigos vigilantes de nuestros alumnos,\ncompa\u00f1eros, etc., que pueden estar en est\u00e1 condici\u00f3n de ideaci\u00f3n <\/p>\n\n\n\n<p>suicida sin que lo conozcamos, por eso hay que estar\natentos a ellos, estar atentos a la gente que amamos para poderla ayudar,\ngracias, Maura.<\/p>\n\n\n\n<p>Entrevistador:\nGracias a usted Dra.<\/p>\n\n\n\n<blockquote class=\"wp-block-quote\"><p>Las opiniones expresadas por los autores no necesariamente reflejan la postura del editor de la publicaci\u00f3n. Esta revista es una publicaci\u00f3n semestral en espa\u00f1ol, arbitrada, de acceso abierto y licenciamiento <em>Creative Commons<\/em>; puede ser reproducida con fines no lucrativos, siempre y cuando se cite la fuente completa y su direcci\u00f3n electr\u00f3nica. De otra forma requiere permiso previo por escrito.<\/p><\/blockquote>\n","protected":false},"excerpt":{"rendered":"<div class=\"mh-excerpt\"><p>Entrevista realizada por Lic. Maura Z\u00fa\u00f1iga Rodr\u00b4\u00edguez Facultad de estudios Superiores Iztacala, UNAM. Cita recomendada: Z\u00fa\u00f1iga-Rodr\u00edguez,\u00a0\u00a0\u00a0\u00a0\u00a0\u00a0 M.\u00a0\u00a0\u00a0\u00a0\u00a0\u00a0\u00a0 (2022). \u00bfC\u00f3mo detectar si alguien cercano a nosotros <a class=\"mh-excerpt-more\" href=\"https:\/\/www.gipps.org\/revistaredes\/entrevista\/como-detectar-si-alguien-cercano-a-nosotros-presenta-ideacion-suicida-en-postpandemia\/\" title=\"\u00bfC\u00d3MO DETECTAR SI ALGUIEN CERCANO A NOSOTROS PRESENTA IDEACI\u00d3N SUICIDA EN POSTPANDEMIA?\">[&#8230;]<\/a><\/p>\n<\/div>","protected":false},"author":1,"featured_media":1000,"comment_status":"closed","ping_status":"closed","sticky":false,"template":"","format":"standard","meta":[],"categories":[6],"tags":[],"_links":{"self":[{"href":"https:\/\/www.gipps.org\/revistaredes\/wp-json\/wp\/v2\/posts\/871"}],"collection":[{"href":"https:\/\/www.gipps.org\/revistaredes\/wp-json\/wp\/v2\/posts"}],"about":[{"href":"https:\/\/www.gipps.org\/revistaredes\/wp-json\/wp\/v2\/types\/post"}],"author":[{"embeddable":true,"href":"https:\/\/www.gipps.org\/revistaredes\/wp-json\/wp\/v2\/users\/1"}],"replies":[{"embeddable":true,"href":"https:\/\/www.gipps.org\/revistaredes\/wp-json\/wp\/v2\/comments?post=871"}],"version-history":[{"count":3,"href":"https:\/\/www.gipps.org\/revistaredes\/wp-json\/wp\/v2\/posts\/871\/revisions"}],"predecessor-version":[{"id":1001,"href":"https:\/\/www.gipps.org\/revistaredes\/wp-json\/wp\/v2\/posts\/871\/revisions\/1001"}],"wp:featuredmedia":[{"embeddable":true,"href":"https:\/\/www.gipps.org\/revistaredes\/wp-json\/wp\/v2\/media\/1000"}],"wp:attachment":[{"href":"https:\/\/www.gipps.org\/revistaredes\/wp-json\/wp\/v2\/media?parent=871"}],"wp:term":[{"taxonomy":"category","embeddable":true,"href":"https:\/\/www.gipps.org\/revistaredes\/wp-json\/wp\/v2\/categories?post=871"},{"taxonomy":"post_tag","embeddable":true,"href":"https:\/\/www.gipps.org\/revistaredes\/wp-json\/wp\/v2\/tags?post=871"}],"curies":[{"name":"wp","href":"https:\/\/api.w.org\/{rel}","templated":true}]}}