{"id":858,"date":"2022-06-27T02:00:01","date_gmt":"2022-06-27T02:00:01","guid":{"rendered":"http:\/\/www.gipps.org\/revistaredes\/?p=858"},"modified":"2022-06-28T14:31:07","modified_gmt":"2022-06-28T14:31:07","slug":"estres-laboral-y-estrategias-de-afrontamiento-en-medicos-residentes-en-hospitales-covid-19-en-cdmx","status":"publish","type":"post","link":"https:\/\/www.gipps.org\/revistaredes\/investigacion\/estres-laboral-y-estrategias-de-afrontamiento-en-medicos-residentes-en-hospitales-covid-19-en-cdmx\/","title":{"rendered":"ESTR\u00c9S LABORAL Y ESTRATEGIAS DE AFRONTAMIENTO EN M\u00c9DICOS RESIDENTES EN HOSPITALES COVID-19 EN CDMX"},"content":{"rendered":"\n<div class=\"wp-block-columns has-2-columns is-layout-flex wp-container-3\">\n<div class=\"wp-block-column is-layout-flow\">\n<div class=\"wp-block-image\"><figure class=\"aligncenter is-resized\"><img decoding=\"async\" loading=\"lazy\" src=\"https:\/\/www.gipps.org\/revistaredes\/wp-content\/uploads\/2022\/06\/Miguel-A\u0301ngel-Go\u0301mez-Reyes.jpg\" alt=\"\" class=\"wp-image-983\" width=\"133\" height=\"191\" srcset=\"https:\/\/www.gipps.org\/revistaredes\/wp-content\/uploads\/2022\/06\/Miguel-A\u0301ngel-Go\u0301mez-Reyes.jpg 265w, https:\/\/www.gipps.org\/revistaredes\/wp-content\/uploads\/2022\/06\/Miguel-A\u0301ngel-Go\u0301mez-Reyes-209x300.jpg 209w\" sizes=\"(max-width: 133px) 100vw, 133px\" \/><\/figure><\/div>\n<\/div>\n\n\n\n<div class=\"wp-block-column is-layout-flow\">\n<p>Lic. Miguel \u00c1ngel G\u00f3mez Reyes <\/p>\n\n\n\n<p>Universidad Nacional Aut\u00f3noma de M\u00e9xico<\/p>\n\n\n\n<p>Correo electr\u00f3nico: elsanto1010@gmail.com <\/p>\n<\/div>\n<\/div>\n\n\n<p><strong>Cita recomendada:<\/strong><\/p>\n<p>G\u00f3mez, M. (2022). Estr\u00e9s laboral y estrategias de afrontamiento en m\u00e9dicos residentes en hospitales COVID-19 en CDMX. <em>REDES. Revista de Divulgaci\u00f3n Crisis y Retos en la Familia y Pareja, 4<\/em>(1), 10-16, <a href=\"https:\/\/doi.org\/10.22402\/j.rdcrfp.unam.4.1.2022.418.10-16\">https:\/\/doi.org\/10.22402\/j.rdcrfp.unam.4.1.2022.418.10-16<\/a><\/p>\n\n\n<p><strong>Resumen<\/strong><\/p>\n\n\n\n<p>El\nobjetivo fue relacionar el estr\u00e9s laboral con las estrategias de afrontamiento\nque utilizan los m\u00e9dicos residentes en hospitales Covid-19 de la CDMX. La\nmuestra se compuso de 26 m\u00e9dicos residentes, el enfoque fue del tipo\ncuantitativo, de alcance correlacional, y dise\u00f1o no\nexperimental-transversal. Se utiliz\u00f3 el Inventario de Estr\u00e9s para Profesionales de la Salud\nde Wolfgang en su adaptaci\u00f3n al espa\u00f1ol para medir los niveles de\nestr\u00e9s de la muestra, as\u00ed como el Cuestionario de Modos de Afrontamiento de\nLazarus y Folkman para identificar las estrategias de afrontamiento m\u00e1s\nutilizadas por los participantes.El\n76.9% de los participantes reportaron niveles de estr\u00e9s moderado y el 23.1%\nestr\u00e9s alto. Los participantes reportaron a la planificaci\u00f3n y el\nautocontrol como estrategias de afrontamiento m\u00e1s utilizadas, las\ncuales se centran en el problema. <strong><\/strong><\/p>\n\n\n\n<p><em>Palabras clave: <\/em>B\u00fasqueda de apoyo, reevaluaci\u00f3n positiva, reconocimiento personal.&nbsp;<\/p>\n\n\n\n<p>En la actualidad escuchar sobre el estr\u00e9s es tan com\u00fan, que se ha normalizado presentar sus s\u00edntomas de manera cr\u00f3nica en cualquier \u00e1mbito en que se desarrolla el ser humano. La mayor\u00eda de las personas en alg\u00fan momento de su vida han escuchado o experimentado el estr\u00e9s, algunas conocen su significado y otras no lo suficiente, pero en su mayor\u00eda lo consideran como algo negativo y perjudicial para los humanos (Santill\u00e1n, 2012).&nbsp; <\/p>\n\n\n\n<p><\/p>\n\n\n\n<p>En los \u00faltimos a\u00f1os se reconoce al estr\u00e9s laboral como uno de los principales problemas para la salud de los trabajadores y que tiene repercusi\u00f3n en el desempe\u00f1o de las organizaciones (Ria\u00f1o, 2016).  <\/p>\n\n\n\n<p>El\nestr\u00e9s laboral se define como la respuesta fisiol\u00f3gica, psicol\u00f3gica y del\ncomportamiento de un individuo el cual intenta adaptarse y ajustarse a\npresiones internas y externas, aparece cuando se presenta un desajuste entre la\npersona, el puesto de trabajo y la propia organizaci\u00f3n (El estr\u00e9s laboral como\ns\u00edntoma de una empresa, 2007). &nbsp;Cuando el\nindividuo logra controlar la forma en la que experimenta el estr\u00e9s puede\nobtener efectos positivos, que lo llevan a encontrar una motivaci\u00f3n de\nsuperaci\u00f3n, logrando as\u00ed tener una experiencia gratificante y en competencia\nprofesional (F\u00e9lix et al., 2018).<\/p>\n\n\n\n<p>El\nafrontamiento forma parte de los recursos psicol\u00f3gicos o psicosociales que cada\npersona utiliza para hacer frente a situaciones estresantes, y para ello entran\nen juego los rasgos de personalidad de cada individuo como un agente que de\nmediaci\u00f3n (F\u00e9lix et al., 2018). El concepto de afrontamiento tiene sus bases en\nlos mecanismos de defensa, desde esta perspectiva, Lazarus y Folkman (1986,\np.164) definen al afrontamiento como \u201cesfuerzos cognitivos y conductuales\nconstantemente cambiantes que se desarrollan para manejar las demandas\nespec\u00edficas externas y\/o internas que son evaluadas como excedentes o\ndesbordantes de los recursos del individuo\u201d.<\/p>\n\n\n\n<p>El\nafrontamiento se clasifica en dos tipos de estrategias, aquellas centradas en\nel problema y otras centradas en la emoci\u00f3n. Las primeras est\u00e1n dirigidas a la\ndefinici\u00f3n del problema, buscan soluci\u00f3n para este y consideran diferentes\nopciones en funci\u00f3n de costo y beneficio. Las segundas, se dan partiendo de la\nevaluaci\u00f3n de la persona sobre la situaci\u00f3n y nota que no puede hacer nada para\nmodificar las condiciones amenazantes del entorno, de tal modo que recurre a un\ngrupo de procesos cognitivos con los que intenta hacer frente a la alteraci\u00f3n\nemocional (Figura 1) (Lazarus y Folkman,\n1986).<strong><\/strong><\/p>\n\n\n\n<p><strong>Figura 1. <\/strong><em>Estrategias de afrontamiento seg\u00fan su clasificaci\u00f3n<\/em><\/p>\n\n\n\n<p style=\"text-align:left\"><img decoding=\"async\" loading=\"lazy\" width=\"1318\" height=\"1156\" class=\"wp-image-972\" style=\"width: 500px;\" src=\"http:\/\/www.gipps.org\/revistaredes\/wp-content\/uploads\/2022\/06\/1874E6E7-FF48-4913-AA5C-51599DC802FD.jpeg\" alt=\"\" srcset=\"https:\/\/www.gipps.org\/revistaredes\/wp-content\/uploads\/2022\/06\/1874E6E7-FF48-4913-AA5C-51599DC802FD.jpeg 1318w, https:\/\/www.gipps.org\/revistaredes\/wp-content\/uploads\/2022\/06\/1874E6E7-FF48-4913-AA5C-51599DC802FD-300x263.jpeg 300w, https:\/\/www.gipps.org\/revistaredes\/wp-content\/uploads\/2022\/06\/1874E6E7-FF48-4913-AA5C-51599DC802FD-768x674.jpeg 768w, https:\/\/www.gipps.org\/revistaredes\/wp-content\/uploads\/2022\/06\/1874E6E7-FF48-4913-AA5C-51599DC802FD-1024x898.jpeg 1024w\" sizes=\"(max-width: 1318px) 100vw, 1318px\" \/><\/p>\n\n\n\n\n\n<p>Uno de los sectores laborales m\u00e1s vulnerables ante el estr\u00e9s son los m\u00e9dicos, pues se caracterizan por el manejo de situaciones cr\u00edticas, y estar constantemente bajo presi\u00f3n en el desarrollo de sus labores, por lo que esta profesi\u00f3n conlleva una gran responsabilidad, as\u00ed como presiones, conflictos y cambios continuos (Blanco, 2004). Uno de estos cambios fue cuando la Organizaci\u00f3n Mundial de la Salud (OMS) declar\u00f3 en enero del 2020 a la COVID-19 como una <em>Emergencia de Salud P\u00fablica de Inter\u00e9s Internacional.<\/em> Esta nueva enfermedad ha llevado a una crisis sanitaria generando estr\u00e9s y p\u00e1nico tanto en la poblaci\u00f3n en general como en el personal m\u00e9dico designado a combatir la pandemia (Monterrosa et al., 2020), por lo que los m\u00e9dicos, al estar en la primera l\u00ednea de defensa contra el virus, se exponen a diversas situaciones y complicaciones. <\/p>\n\n\n\n<p>Con todas las situaciones derivadas por la pandemia de COVID-19 se ha constatado que el personal de salud se enfrenta a estresores laborales intensos, algunos de estos incluyen jornadas laborales prolongadas, instrucciones y medidas de seguridad estrictas, sobrecarga de trabajo, necesidad permanente de concentraci\u00f3n y vigilancia, as\u00ed como la escasez de equipamientos de protecci\u00f3n y la reducci\u00f3n del contacto social, adem\u00e1s de tener que realizar tareas para las que muchos no estaban preparados (Danet, 2020). <\/p>\n\n\n\n<p><strong>\u00bfC\u00f3mo\nse llev\u00f3 a cabo la investigaci\u00f3n?<\/strong><\/p>\n\n\n\n<p>La muestra se compuso por 26 participantes que cumpl\u00edan con los siguientes criterios de inclusi\u00f3n: 1) Ser m\u00e9dicos residentes en alg\u00fan hospital covid y 2) Que hayan firmado el consentimiento informado para participar. Los motivos de exclusi\u00f3n fueron: 1) El no estar de acuerdo con el consentimiento informado 2) El no contestar m\u00e1s del 80% de los instrumentos 3) Reportar alg\u00fan impedimento para participar. A quienes se les aplicaron una ficha de identificaci\u00f3n sociodemogr\u00e1fica, el Inventario de Estr\u00e9s para Profesionales de la Salud de Wolfgang (IEPS) y elCuestionario de Modos de Afrontamiento(WOC-R). &nbsp;Del total de participantes, 15 fueron hombres (57.7%) y 11 mujeres (42.3%) con un rango de edad entre 25 y 32 a\u00f1os, siendo el promedio de 26.58 a\u00f1os (D.E.=1.44). El 42.3% de los participantes cuentan con una especialidad en medicina interna, seguida de neumolog\u00eda con un 19.2%, un 11.5% en pediatr\u00eda, otro 7.7% en cirug\u00eda general, mientras que anestesiolog\u00eda, dermatolog\u00eda, medicina familiar y oftalmolog\u00eda cuentan con un 3.8% cada una, por \u00faltimo, el 4.1% de la muestra no especifico que especialidad cursaba. &nbsp;La mitad de los participantes se encuentra realizando su residencia en el Centro M\u00e9dico Nacional Siglo XXI (CMN SXXI, 50%), mientras que otros cuantos la realizan en el Centro M\u00e9dico Nacional La Raza (23.1%), en menor medida en el Hospital Infantil de M\u00e9xico (11.5%), y la minor\u00eda se encuentra en el Hospital General de Zona (HGZ) 72, HGZ 8 y Pemex norte (3.8% cada uno), el 4%&nbsp; de los participantes no indicaron donde se encuentran realizando su residencia. El contacto se medi\u00f3 a trav\u00e9s de <em>WhatsApp<\/em> haci\u00e9ndoles llegar una invitaci\u00f3n para participar en el estudio, posteriormente se les envi\u00f3 el enlace a un Formulario de <em>Google<\/em>. Una vez que los participantes contestaron los instrumentos se procedi\u00f3 a realizar la base de datos en el programa <em>Statistical Package for Social Sciences<\/em> (SPSS); posteriormente se llev\u00f3 a cabo el an\u00e1lisis de los datos.<\/p>\n\n\n\n<p>Antes\nde responder los instrumentos, se solicit\u00f3 la firma del consentimiento\ninformado dentro de los formularios de <em>Google<\/em>\ny se hizo \u00e9nfasis en la participaci\u00f3n voluntaria, an\u00f3nima y en que los datos\nser\u00edan utilizados con fines de investigaci\u00f3n. El tiempo promedio para\ncontestarlo fue de 20 minutos.<\/p>\n\n\n\n<p><strong>\u00bfQu\u00e9 se encontr\u00f3?<\/strong><\/p>\n\n\n\n<p>El 76.9% de los participantes reportaron encontrarse con un nivel de estr\u00e9s moderado, mientras el 23.1% con un estr\u00e9s alto. Tambi\u00e9n, reportaron utilizar en mayor medida a la planificaci\u00f3n como estrategia de afrontamiento, seguida del autocontrol, siendo estrategias centradas en el problema; mientras que como estrategias menos utilizadas reportaron a la b\u00fasqueda de apoyo social y en menor medida a la aceptaci\u00f3n de la responsabilidad (Tabla 1).<\/p>\n\n\n\n<p><strong>Tabla 1<\/strong><em>. Niveles y fuentes de estr\u00e9s.<\/em><\/p>\n\n\n\n<table class=\"wp-block-table\"><tbody><tr><td>\n  IEPS\n  <\/td><td>\n  Nivel\n  <\/td><\/tr><tr><td>\n  Reconocimiento profesional\n  <\/td><td>\n  Moderado\n  <\/td><\/tr><tr><td>\n  Responsabilidad\n  <\/td><td>\n  Alto\n  <\/td><\/tr><tr><td>\n  Conflictos en el trabajo\n  <\/td><td>\n  Moderado\n  <\/td><\/tr><tr><td>\n  Incertidumbre\n  <\/td><td>\n  Moderado\n  <\/td><\/tr><tr><td>\n  Total\n  <\/td><td>\n  Moderado\n  <\/td><\/tr><\/tbody><\/table>\n\n\n\n<p>Se encontraron asociaciones negativas entre el puntaje total del IEPS y el dominio de \u201cb\u00fasqueda de apoyo social\u201d, lo cual indica que a mayor estr\u00e9s hay una menor b\u00fasqueda del apoyo social y viceversa. Tambi\u00e9n se observa una asociaci\u00f3n negativa en el puntaje total del IEPS y la \u201creevaluaci\u00f3n positiva\u201d, lo que indica que a un mayor nivel de estr\u00e9s la reevaluaci\u00f3n positiva es menor y viceversa. Asimismo se encontraron asociaciones negativas entre la dimensi\u00f3n del \u201cReconocimiento Personal\u201d con la \u201cb\u00fasqueda de apoyo social\u201d y la \u201creevaluaci\u00f3n positiva\u201d. En la dimensi\u00f3n de \u201cConflictos en el Trabajo\u201d se encontr\u00f3 una asociaci\u00f3n positiva con la \u201chuida-evitaci\u00f3n\u201d, lo cual indica, que a mayor estr\u00e9s por conflictos en el trabajo se eleva el afrontamiento de \u201chuida-evitaci\u00f3n\u201d. De acuerdo con los datos reportados por los participantes existe una asociaci\u00f3n negativa en la dimensi\u00f3n de \u201cIncertidumbre Profesional\u201d con la \u201creevaluaci\u00f3n positiva\u201d. En tanto que la dimensi\u00f3n de \u201cResponsabilidad por el Cuidado de los Pacientes\u201d no se asoci\u00f3 con ninguna estrategia de afrontamiento.<\/p>\n\n\n\n<p>Se estim\u00f3 el <em>alfa de Cronbach<\/em> para determinar el \u00edndice de consistencia interna de ambas escalas. El coeficiente Alfa de Cronbach oscila entre 0 y el 1.&nbsp;Cuanto m\u00e1s cerca el valor est\u00e9 a 1, m\u00e1s consistentes y fiables ser\u00e1n los \u00edtems entre s\u00ed.&nbsp; Para este estudio el \u00edndice para el IEPS fue de 0.879 por lo que se considera adecuado para el estudio, sin embargo, el \u00edndice reportado para el WOC-R puede considerarse bajo ya que fue de 0.600.<\/p>\n\n\n\n<p><strong>\u00bfQu\u00e9 se\npuede concluir?<\/strong><\/p>\n\n\n\n<p>Los\nresultados obtenidos en la investigaci\u00f3n, indican que las estrategias de\nafrontamiento m\u00e1s utilizadas por los participantes son en mayor medida aquellas\nestrategias de afrontamiento centradas en el problema, como el autocontrol y la\nplanificaci\u00f3n de las soluciones del problema. De acuerdo con Deary et al. (1996), un mayor uso de estrategias centradas en el\nproblema, ayudan a reducir los niveles de estr\u00e9s, al ser estrategias m\u00e1s\nefectivas. <\/p>\n\n\n\n<p>Entre los alcances del estudio, puede se\u00f1alarse que es una aproximaci\u00f3n a la realidad que viven los m\u00e9dicos residentes que laboran en hospitales COVID-19, debido a que el sistema de salud no hab\u00eda experimentado una pandemia como la que se vive actualmente, por lo cual, las instituciones de salud deben poner un mayor \u00e9nfasis en la evaluaci\u00f3n y seguimiento de las condiciones de trabajo de los m\u00e9dicos, sin dejar de lado factores psicol\u00f3gicos, como el estr\u00e9s. As\u00ed mismo, destacando la asociaci\u00f3n encontrada entre los niveles de estr\u00e9s y el uso de las estrategias de afrontamiento que utilizan los m\u00e9dicos residentes, ser\u00eda necesario la implementaci\u00f3n de talleres sobre estr\u00e9s y estrategias que fomenten su afrontamiento de manera m\u00e1s efectiva como la confrontaci\u00f3n y la aceptaci\u00f3n de la responsabilidad ya que son estrategias centradas en el problema. <\/p>\n\n\n\n<p>Por \u00faltimo, una limitante de la presente investigaci\u00f3n est\u00e1 relacionada con el coeficiente de consistencia interna <em>alfa de Cronbach<\/em> del instrumento WOC-R, pues puede considerarse bajo; cabe destacar que dicho instrumento no estaba adaptado a la poblaci\u00f3n mexicana, por lo que la necesidad de continuar con trabajos de adaptaci\u00f3n de diferentes instrumentos es un \u00e1rea con mucho futuro en nuestro pa\u00eds y con poblaciones espec\u00edficas. <\/p>\n\n\n\n<p><strong>Referencias<\/strong><\/p>\n\n\n\n<p>Blanco, G. (2004). Estr\u00e9s Laboral y\nSalud en las Enfermeras Instrumentistas.&nbsp;<em>Revista de la Facultad de\nMedicina<\/em>,&nbsp;<em>27<\/em>(1), 29-35.&nbsp; <a href=\"http:\/\/ve.scielo.org\/scielo.php?script=sci_arttext&amp;pid=S0798-04692004000100006&amp;lng=es&amp;tlng=es\">http:\/\/ve.scielo.org\/scielo.php?script=sci_arttext&amp;pid=S0798-04692004000100006&amp;lng=es&amp;tlng=es<\/a>.<\/p>\n\n\n\n<p>Cabanach,\nR., Valle, A., Rodr\u00edguez, S., Pi\u00f1eiro, I., y Freire, C. (2010). Escala de\nafrontamiento del estr\u00e9s acad\u00e9mico (A-CEA). <em>Revista\nIberoamericana de Psicolog\u00eda y Salud, 1<\/em>(1), 51-64. <a href=\"https:\/\/www.redalyc.org\/pdf\/2451\/245116411005.pdf\">https:\/\/www.redalyc.org\/pdf\/2451\/245116411005.pdf<\/a> <\/p>\n\n\n\n<p>Danet, A. (2020). Impacto psicol\u00f3gico de la\nCOVID-19 en profesionales sanitarios de primera l\u00ednea en el \u00e1mbito occidental.\nUna revisi\u00f3n sistem\u00e1tica. <em>Medicina\nCl\u00ednica, 156<\/em>(9), 1-10.&nbsp; <a href=\"https:\/\/doi.org\/10.1016\/j.medcli.2020.11.009\">https:\/\/doi.org\/10.1016\/j.medcli.2020.11.009<\/a> &nbsp;<\/p>\n\n\n\n<p>Deary, I., Blenkin, H., Agius, R., Endler,\nN., Zealley, H., y Wood, R. (1996). Models of job-related stress and personal\nachievement among consultant doctors.&nbsp;<em>British Journal of Psychology, 87<\/em>(1), 3\u201329. <a href=\"https:\/\/psycnet.apa.org\/doi\/10.1111\/j.2044-8295.1996.tb02574.x\" target=\"_blank\" rel=\"noreferrer noopener\">https:\/\/doi.org\/10.1111\/j.2044-8295.1996.tb02574.x<\/a><\/p>\n\n\n\n<p>El estr\u00e9s laboral como s\u00edntoma de una empresa.\n(2007). <em>Perspectivas, 20,<\/em> 55-66. <a href=\"https:\/\/www.redalyc.org\/pdf\/4259\/425942331005.pdf\">https:\/\/www.redalyc.org\/pdf\/4259\/425942331005.pdf<\/a><\/p>\n\n\n\n<p>F\u00e9lix,\nR., Garc\u00eda, G., y Mercado, S. (2018) El estr\u00e9s en el entorno laboral<em>. CULyT 15<\/em>(64), 13-42. <a href=\"https:\/\/dialnet.unirioja.es\/servlet\/articulo?codigo=7188504\">https:\/\/dialnet.unirioja.es\/servlet\/articulo?codigo=7188504<\/a> <\/p>\n\n\n\n<p>Lazarus, R.S., y Folkman, S. (1986). <em>Estr\u00e9s y procesos cognitivos. Evaluaci\u00f3n, afrontamiento y consecuencias adaptativas<\/em>. <\/p>\n\n\n\n<p>Monterrosa,\nA., D\u00e1vila, R., Mej\u00eda, A., Contreras, J., Mercado, M., y Flores, C. (2020).\nEstr\u00e9s laboral, ansiedad y miedo al COVID-19 en m\u00e9dicos generales colombianos. <em>MedUNAB, 23(<\/em>2), 195-213.&nbsp; <a href=\"https:\/\/doi.org\/10.29375\/01237047.3890\">https:\/\/doi.org\/10.29375\/01237047.3890<\/a> <\/p>\n\n\n\n<p>Ria\u00f1o, A. (2016). Estado del arte sobre estr\u00e9s laboral entre los a\u00f1os 2005 y 2016 [Tesis\nde pregrado]. Universidad del Rosario. Bogot\u00e1, Colombia. <a href=\"https:\/\/repository.urosario.edu.co\/bitstream\/handle\/10336\/12845\/Estado%20del%20arte%20sobre%20estres%20laboral%20entre%20los%20a%C3%B1os%202005%20y%202016.pdf?sequence=1\">https:\/\/repository.urosario.edu.co\/bitstream\/handle\/10336\/12845\/Estado%20del%20arte%20sobre%20estres%20laboral%20entre%20los%20a%C3%B1os%202005%20y%202016.pdf?sequence=1<\/a><\/p>\n\n\n\n<p>Santill\u00e1n, M. (2012). Estudio del estr\u00e9s como\nresultado de los factores psicosociales de trabajo inadecuados en militares de\nInfanter\u00eda del Ala N\u00ba 11\u201d. [Tesis de pregrado]. Quito, Ecuador.&nbsp; <a href=\"http:\/\/www.dspace.uce.edu.ec\/bitstream\/25000\/2548\/1\/T-UCE-0007-96.pdf\">http:\/\/www.dspace.uce.edu.ec\/bitstream\/25000\/2548\/1\/T-UCE-0007-96.pdf<\/a><\/p>\n\n\n\n<blockquote class=\"wp-block-quote\"><p>Las opiniones expresadas por los autores no necesariamente reflejan la postura del editor de la publicaci\u00f3n. Esta revista es una publicaci\u00f3n semestral en espa\u00f1ol, arbitrada, de acceso abierto y licenciamiento <em>Creative Commons<\/em>; puede ser reproducida con fines no lucrativos, siempre y cuando se cite la fuente completa y su direcci\u00f3n electr\u00f3nica. De otra forma requiere permiso previo por escrito.<\/p><\/blockquote>\n","protected":false},"excerpt":{"rendered":"<div class=\"mh-excerpt\"><p>Lic. Miguel \u00c1ngel G\u00f3mez Reyes Universidad Nacional Aut\u00f3noma de M\u00e9xico Correo electr\u00f3nico: elsanto1010@gmail.com Cita recomendada: G\u00f3mez, M. (2022). Estr\u00e9s laboral y estrategias de afrontamiento en <a class=\"mh-excerpt-more\" href=\"https:\/\/www.gipps.org\/revistaredes\/investigacion\/estres-laboral-y-estrategias-de-afrontamiento-en-medicos-residentes-en-hospitales-covid-19-en-cdmx\/\" title=\"ESTR\u00c9S LABORAL Y ESTRATEGIAS DE AFRONTAMIENTO EN M\u00c9DICOS RESIDENTES EN HOSPITALES COVID-19 EN CDMX\">[&#8230;]<\/a><\/p>\n<\/div>","protected":false},"author":1,"featured_media":986,"comment_status":"closed","ping_status":"closed","sticky":false,"template":"","format":"standard","meta":[],"categories":[3],"tags":[],"_links":{"self":[{"href":"https:\/\/www.gipps.org\/revistaredes\/wp-json\/wp\/v2\/posts\/858"}],"collection":[{"href":"https:\/\/www.gipps.org\/revistaredes\/wp-json\/wp\/v2\/posts"}],"about":[{"href":"https:\/\/www.gipps.org\/revistaredes\/wp-json\/wp\/v2\/types\/post"}],"author":[{"embeddable":true,"href":"https:\/\/www.gipps.org\/revistaredes\/wp-json\/wp\/v2\/users\/1"}],"replies":[{"embeddable":true,"href":"https:\/\/www.gipps.org\/revistaredes\/wp-json\/wp\/v2\/comments?post=858"}],"version-history":[{"count":6,"href":"https:\/\/www.gipps.org\/revistaredes\/wp-json\/wp\/v2\/posts\/858\/revisions"}],"predecessor-version":[{"id":990,"href":"https:\/\/www.gipps.org\/revistaredes\/wp-json\/wp\/v2\/posts\/858\/revisions\/990"}],"wp:featuredmedia":[{"embeddable":true,"href":"https:\/\/www.gipps.org\/revistaredes\/wp-json\/wp\/v2\/media\/986"}],"wp:attachment":[{"href":"https:\/\/www.gipps.org\/revistaredes\/wp-json\/wp\/v2\/media?parent=858"}],"wp:term":[{"taxonomy":"category","embeddable":true,"href":"https:\/\/www.gipps.org\/revistaredes\/wp-json\/wp\/v2\/categories?post=858"},{"taxonomy":"post_tag","embeddable":true,"href":"https:\/\/www.gipps.org\/revistaredes\/wp-json\/wp\/v2\/tags?post=858"}],"curies":[{"name":"wp","href":"https:\/\/api.w.org\/{rel}","templated":true}]}}