{"id":855,"date":"2022-06-27T01:00:24","date_gmt":"2022-06-27T01:00:24","guid":{"rendered":"http:\/\/www.gipps.org\/revistaredes\/?p=855"},"modified":"2023-11-08T20:21:26","modified_gmt":"2023-11-08T20:21:26","slug":"salud-emocional-y-familia-presentacion-del-numero","status":"publish","type":"post","link":"https:\/\/www.gipps.org\/revistaredes\/presentacion-numero\/salud-emocional-y-familia-presentacion-del-numero\/","title":{"rendered":"SALUD EMOCIONAL Y FAMILIA. PRESENTACI\u00d3N DEL N\u00daMERO"},"content":{"rendered":"<p><strong>Cita recomendada:<\/strong><\/p>\n<p>P\u00e9rez, L. (2022). Salud emocional y familia. Presentaci\u00f3n del n\u00famero. <em>Revista de Divulgaci\u00f3n Crisis y Retos en la Familia y Pareja, 4<\/em>(1), 8-9. https:\/\/doi.org\/10.22402\/j.rdcrfp.unam.4.1.2022.474.8-9<\/p>\n\n\n<hr class=\"wp-block-separator\"\/>\n\n\n\n<p>Cuando hablamos de salud emocional podr\u00eda parecer que nos referimos a un estado ideal de las personas, algo que se tiene o no y que es una caracter\u00edstica que ser\u00eda deseable poseer. En realidad, el concepto de salud emocional describe distintos procesos relacionados con la gesti\u00f3n de las emociones y el uso de recursos para construir y mantener el bienestar frente a los diversos retos vitales que cada quien afronta cada d\u00eda. La familia, como el entorno encargado de facilitar la adaptaci\u00f3n social de sus integrantes, juega un papel fundamental tanto en la construcci\u00f3n de recursos como en el manejo emocional.&nbsp;<\/p>\n\n\n\n<p>Es por ello que en este volumen 4, n\u00famero 1 de la Revista REDES, Revista de Divulgaci\u00f3n Crisis y Retos en la Familia y Pareja se presentan nueve art\u00edculos en total, distribuidos en cuatro secciones de la revista que abordan aquellos factores que resultan necesarios para la construcci\u00f3n de la salud emocional desde diferentes miradas.<\/p>\n\n\n\n<p>En la secci\u00f3n de investigaci\u00f3n el Lic. Miguel \u00c1ngel G\u00f3mez Reyes de la UNAM comparte, como resultado de su estudio, que algunas de estrategias de afrontamiento ante el estr\u00e9s que suelen usarse pueden no ser tan efectivas como otras que tendr\u00edan que entrenarse.&nbsp;<\/p>\n\n\n\n<p>Los otros dos art\u00edculos de esta secci\u00f3n se enfocan en la infancia; Mar\u00eda Gabriela Garr\u00f3 explora la relaci\u00f3n entre los estilos parentales y las caracter\u00edsticas del apego en ni\u00f1os y ni\u00f1as, el cual se relaciona con sus recursos relacionales y se ha considerado como un predictor de muchas habilidades de las personas en su adultez respecto a los v\u00ednculos con otras. En su investigaci\u00f3n confirma que los estilos parentales democr\u00e1ticos suelen promover formas de apego m\u00e1s saludables en infantes.&nbsp;<br><\/p>\n\n\n\n<p>Por otra parte la Especialista Julieta Marmo aborda un tema muy poco explorado en la ni\u00f1ez planteando que, en esta etapa, tambi\u00e9n se experimenta lo que se ha llamado estr\u00e9s y que \u00e9ste no necesariamente se vincula con experiencias traum\u00e1ticas; por el contrario, el estr\u00e9s puede estar presente en los ni\u00f1os y ni\u00f1as a partir de su dificultad para afrontar estresores cotidianos ante lo cual ser\u00eda necesario que la familia, como grupo primario, identifique estas respuestas de estr\u00e9s y fomente habilidades para afrontarlo m\u00e1s adaptativamente.<br><\/p>\n\n\n\n<p>En la secci\u00f3n de an\u00e1lisis se presentan cuatro art\u00edculos. En el primero de ellos la Lic. Mirta Lujan Di Pardo plantea la necesidad de proteger la autoestima de infantes con mutismo selectivo transitorio&nbsp;al&nbsp;mismo&nbsp;tiempo&nbsp;que&nbsp;se&nbsp;trabaja en su recuperaci\u00f3n del lenguaje en tanto \u00e9sta puede verse seriamente afectada durante el periodo de mutismo lo cual tendr\u00e1 repercusiones en su desarrollo y su salud emocional.&nbsp;<\/p>\n\n\n\n<p>Con un tema de mucha relevancia actual, Concepci\u00f3n Mar\u00eda Gianoacovo discute, en el segundo art\u00edculo de an\u00e1lisis, la necesidad de visibilizar la importancia que tienen los v\u00ednculos que ni\u00f1os y ni\u00f1as establecen con personas que realizan un rol parental efectivo, amoroso y positivo sin tener un lazo consangu\u00edneo. Este art\u00edculo sobre pluriparentalidad argumenta que al reconocer como figuras parentales a personas que no tienen lazos biol\u00f3gicos con los ni\u00f1os y ni\u00f1as, se atiende a sus necesidades prioritariamente, se extienden sus posibilidades de crecer con la contenci\u00f3n y amor a los que tienen derecho y se disminuye la posibilidad de que se encuentren en condici\u00f3n de indefensi\u00f3n ante diversas situaciones que resulten amenazantes como ser\u00eda el caso del maltrato en la familia que se aborda en el tercer art\u00edculo de an\u00e1lisis en este n\u00famero.&nbsp;<\/p>\n\n\n\n<p>Ma. Victoria Berm\u00fadez y Romina Paula Prandoni explican las distintas formas de maltrato que se pueden experimentar en la ni\u00f1ez por parte de la familia aclarando que el maltrato psicoemocional ha sido invisibilizado y normalizado en las familias considerando que es suficiente con no golpear, sin embargo, esta forma de maltrato tiene efectos en la salud emocional de ni\u00f1os y ni\u00f1as, en su desarrollo y vida futura del mismo modo en que lo causar\u00eda el maltrato f\u00edsico.&nbsp;<\/p>\n\n\n\n<p>Para finalizar la secci\u00f3n de an\u00e1lisis, la Dra. Soraya Irinea Ram\u00edrez Chelala comparte sus hallazgos respecto al papel que juega la gratitud en la salud psicoemocional de las personas y la experiencia de bienestar. En este art\u00edculo se define a la gratitud como una competencia para la vida y como una emoci\u00f3n que facilita el desarrollo de recursos relacionales y adaptativos y, por tanto, promueve el bienestar de las personas.<\/p>\n\n\n\n<p>Posteriormente la Lic. Maura Z\u00fa\u00f1iga Rodr\u00edguez presenta la entrevista que realiz\u00f3 a la Dra. Luz de Lourdes Eguiluz Romo, investigadora, terapeuta familiar, docente de la Licenciatura en psicolog\u00eda en la FES IZTACALA en la UNAM durante 39 a\u00f1os, supervisora del Centro de Apoyo y orientaci\u00f3n para estudiantes (CAOPE) en la FES Iztacala y miembro fundador de la Asociaci\u00f3n Mexicana de Suicidolog\u00eda.&nbsp;<\/p>\n\n\n\n<p>En la entrevista la Dra. Eguiluz nos comparte su experiencia profesional en la atenci\u00f3n de situaciones que afectan la salud emocional de las personas, parejas y familias, que nos invita a prestar atenci\u00f3n al dolor emocional que pueden estar experimentando quienes nos rodean para poder ayudar.&nbsp;<\/p>\n\n\n\n<p>Como art\u00edculo final, en la secci\u00f3n de recomendaciones Carla Daniela Messina y Lorena Pozo describen las caracter\u00edsticas de las familias que afectan su funcionalidad se\u00f1alando los aspectos que contribuyen para mejorarla.<\/p>\n\n\n\n<hr class=\"wp-block-separator\"\/>\n\n\n\n<div class=\"wp-block-image\"><figure class=\"aligncenter is-resized\"><img decoding=\"async\" loading=\"lazy\" src=\"https:\/\/www.gipps.org\/revistaredes\/wp-content\/uploads\/2022\/06\/Captura-de-Pantalla-2022-06-27-a-las-10.18.30.png\" alt=\"\" class=\"wp-image-951\" width=\"289\" height=\"241\" srcset=\"https:\/\/www.gipps.org\/revistaredes\/wp-content\/uploads\/2022\/06\/Captura-de-Pantalla-2022-06-27-a-las-10.18.30.png 578w, https:\/\/www.gipps.org\/revistaredes\/wp-content\/uploads\/2022\/06\/Captura-de-Pantalla-2022-06-27-a-las-10.18.30-300x250.png 300w\" sizes=\"(max-width: 289px) 100vw, 289px\" \/><figcaption><strong>Mtra. Laura Edith P\u00e9rez Laborde<\/strong><br>Miembro del consejo editorial<br><\/figcaption><\/figure><\/div>\n\n\n\n<p><strong>Universidad Nacional Aut\u00f3noma de M\u00e9xico. Facultad de Estudios Superiores Iztacala<\/strong><\/p>\n\n\n\n<blockquote class=\"wp-block-quote\"><p><strong><em>Copyright: \u00a9 2022 Revista de Divulgaci\u00f3n Crisis y Retos en la Familia y Pareja<\/em><\/strong><em><br>Esta es una revista de acceso abierto distribuida bajo los t\u00e9rminos&nbsp;de&nbsp;la licencia Creative Commons Reconocimiento-NoComercial-Compartir igual 4.0 Internacional, por lo que su contenido gr\u00e1fico y escrito se puede compartir, copiar y redistribuir total o parcialmente sin necesidad de permiso expreso de sus creadores con la \u00fanica condici\u00f3n de que no se puede usar con fines directamente comerciales y los t\u00e9rminos legales de cualquier trabajo derivado deben ser los mismos que se expresan en la presente declaraci\u00f3n. La \u00fanica condici\u00f3n es que se cite la fuente con referencia a la Revista y a sus creadores<\/em><\/p><\/blockquote>\n","protected":false},"excerpt":{"rendered":"<div class=\"mh-excerpt\"><p>Cita recomendada: P\u00e9rez, L. (2022). Salud emocional y familia. Presentaci\u00f3n del n\u00famero. Revista de Divulgaci\u00f3n Crisis y Retos en la Familia y Pareja, 4(1), 8-9. <a class=\"mh-excerpt-more\" href=\"https:\/\/www.gipps.org\/revistaredes\/presentacion-numero\/salud-emocional-y-familia-presentacion-del-numero\/\" title=\"SALUD EMOCIONAL Y FAMILIA. PRESENTACI\u00d3N DEL N\u00daMERO\">[&#8230;]<\/a><\/p>\n<\/div>","protected":false},"author":1,"featured_media":953,"comment_status":"closed","ping_status":"closed","sticky":false,"template":"","format":"standard","meta":[],"categories":[8],"tags":[],"_links":{"self":[{"href":"https:\/\/www.gipps.org\/revistaredes\/wp-json\/wp\/v2\/posts\/855"}],"collection":[{"href":"https:\/\/www.gipps.org\/revistaredes\/wp-json\/wp\/v2\/posts"}],"about":[{"href":"https:\/\/www.gipps.org\/revistaredes\/wp-json\/wp\/v2\/types\/post"}],"author":[{"embeddable":true,"href":"https:\/\/www.gipps.org\/revistaredes\/wp-json\/wp\/v2\/users\/1"}],"replies":[{"embeddable":true,"href":"https:\/\/www.gipps.org\/revistaredes\/wp-json\/wp\/v2\/comments?post=855"}],"version-history":[{"count":5,"href":"https:\/\/www.gipps.org\/revistaredes\/wp-json\/wp\/v2\/posts\/855\/revisions"}],"predecessor-version":[{"id":1213,"href":"https:\/\/www.gipps.org\/revistaredes\/wp-json\/wp\/v2\/posts\/855\/revisions\/1213"}],"wp:featuredmedia":[{"embeddable":true,"href":"https:\/\/www.gipps.org\/revistaredes\/wp-json\/wp\/v2\/media\/953"}],"wp:attachment":[{"href":"https:\/\/www.gipps.org\/revistaredes\/wp-json\/wp\/v2\/media?parent=855"}],"wp:term":[{"taxonomy":"category","embeddable":true,"href":"https:\/\/www.gipps.org\/revistaredes\/wp-json\/wp\/v2\/categories?post=855"},{"taxonomy":"post_tag","embeddable":true,"href":"https:\/\/www.gipps.org\/revistaredes\/wp-json\/wp\/v2\/tags?post=855"}],"curies":[{"name":"wp","href":"https:\/\/api.w.org\/{rel}","templated":true}]}}