{"id":674,"date":"2021-12-16T04:00:45","date_gmt":"2021-12-16T04:00:45","guid":{"rendered":"http:\/\/www.gipps.org\/revistaredes\/?p=674"},"modified":"2022-06-27T14:40:00","modified_gmt":"2022-06-27T14:40:00","slug":"retos-en-la-formacion-de-ninos-y-adolescentes","status":"publish","type":"post","link":"https:\/\/www.gipps.org\/revistaredes\/analisis\/retos-en-la-formacion-de-ninos-y-adolescentes\/","title":{"rendered":"RETOS EN LA FORMACI\u00d3N DE NI\u00d1AS, NI\u00d1OS Y ADOLESCENTES"},"content":{"rendered":"\n<div class=\"wp-block-image\"><figure class=\"aligncenter is-resized\"><img decoding=\"async\" loading=\"lazy\" src=\"https:\/\/www.gipps.org\/revistaredes\/wp-content\/uploads\/2021\/12\/Diana.jpg\" alt=\"\" class=\"wp-image-675\" width=\"185\" height=\"249\" srcset=\"https:\/\/www.gipps.org\/revistaredes\/wp-content\/uploads\/2021\/12\/Diana.jpg 573w, https:\/\/www.gipps.org\/revistaredes\/wp-content\/uploads\/2021\/12\/Diana-223x300.jpg 223w\" sizes=\"(max-width: 185px) 100vw, 185px\" \/><figcaption><br><br><\/figcaption><\/figure><\/div>\n\n\n\n<p> Lic. Diana Karina Cervantes Navarro<br>Profesionista independiente<br> <\/p>\n\n\n\n<p>Psic\u00f3loga General, asesora en el \u00e1rea de la Educaci\u00f3n\nEspecial y Necesidades Educativas Especiales.<\/p>\n\n\n\n<p>Contacto: kar.cervn69@gmail.com<\/p>\n\n\n<p><strong>Cita recomendada:<\/strong><\/p>\n<p><!-- \/wp:paragraph --> <!-- wp:paragraph --><\/p>\n<p>Cervantes, N. J. (2021). Retos en la formaci\u00f3n de ni\u00f1as, ni\u00f1os y adolescentes. <em>Revista de Divulgaci\u00f3n Crisis y Retos en la Familia y Pareja, 3<\/em>(2), <span class=\"s1\">28-33. <\/span>https:\/\/doi.org\/10.22402\/j.redes.unam.3.2.2021.403.28-33<\/p>\n<p><!-- wp:paragraph --><\/p>\n<p><strong>Resumen<\/strong><\/p>\n<p><!-- \/wp:paragraph --><\/p>\n<p><!-- wp:paragraph --><\/p>\n<p>La crianza de los hijos es un tema que no termina, pero se<br>\nactualiza, cambia, conforme el tiempo avanza, nos forma en base a las<br>\nnecesidades y capacidades. La crianza es instruir, dirigir, educar, va m\u00e1s all\u00e1<br>\nde dar conceptos o instrucciones, es crear valores, actitudes y conductas.<br>\nInsistimos en que la paternidad tiene una importante funci\u00f3n en el desarrollo<br>\nemocional, social e intelectual de los ni\u00f1os y adolescentes. Algunas de las<br>\nfunciones que apuntan a ser padres de familia se han visto afectadas por los<br>\nescasos tiempos, la falta de contacto, las nuevas tecnolog\u00edas, entre otros,<br>\nafectando el crecimiento y socializaci\u00f3n, el ambiente afectivo, el apoyo para<br>\nel desarrollo, disminuci\u00f3n de habilidades para la competencia, etc\u00e9tera. Con<br>\nanterioridad eran menos las caracter\u00edsticas de las familias, actualmente las<br>\nfamilias se han dividido en formas distintas, implicando mayores variantes de<br>\nestudio, as\u00ed como, situaciones m\u00faltiples que crean retos en la crianza.<\/p>\n<p><!-- \/wp:paragraph --><\/p>\n<p><!-- wp:paragraph --><\/p>\n<p>Palabras clave: crianza, tecnolog\u00eda, retos.<\/p>\n<p><!-- \/wp:paragraph --><\/p>\n<p><!-- wp:paragraph --><\/p>\n<p><strong>Introducci\u00f3n<\/strong><\/p>\n<p><!-- \/wp:paragraph --><\/p>\n<p><!-- wp:paragraph --><\/p>\n<p>Los tiempos cambian, la vida cambia, y nuestros<br>\npensamientos con un poco de esfuerzo se van modificando. La formaci\u00f3n de los<br>\npadres de familia en torno a la educaci\u00f3n de sus hijos ha mantenido un cambio<br>\nradical, esto se debe al intercambio de informaci\u00f3n que se obtiene con<br>\nfacilidad debido a la era de la tecnolog\u00eda. La forma de criar se ve afectada en<br>\nambos polos, buena y mala, se tiene la oportunidad de visualizar como otras<br>\nfamilias se desarrollan, en las que se incluyen, diversas culturas y naciones.<\/p>\n<p><!-- \/wp:paragraph --><\/p>\n<p><!-- wp:paragraph --><\/p>\n<p>Las familias con padres divorciados han incrementado,<br>\ncausando inestabilidad emocional en los hijos, con el t\u00edpico, entre semana con<br>\nmam\u00e1 y fines de semana con pap\u00e1, dejando dos bandos, cada uno a conveniencia<br>\ndel hijo. A su vez, la baja estabilidad emocional que transporta estas<br>\nsituaciones a los padres, permite un exceso de capricho de los hijos, exigiendo<br>\ncosas materiales, viajes costosos, estudios, etc.<\/p>\n<p><!-- \/wp:paragraph --><\/p>\n<p><!-- wp:paragraph --><\/p>\n<p>Los padres solventadores de todos los gastos y encargados<br>\nde la mayor\u00eda de las actividades del hogar, crean un espacio c\u00f3modo en los<br>\nhijos, impidiendo una formaci\u00f3n adecuada, los tratan como seres sensibles que<br>\nno pueden resolver problemas de la vida, afectando la seguridad de los reto\u00f1os.\n<\/p>\n<p><!-- \/wp:paragraph --><\/p>\n<p><!-- wp:paragraph --><\/p>\n<p>Pereira (1984) se\u00f1alaba que la sociedad requiere de un<br>\nequilibrio permanente entre el amor y la autoridad, y entre la solidaridad y la<br>\nrivalidad, elementos que est\u00e1n presentes en cada uno de los miembros de la<br>\nfamilia; son elementos que cuando se descuidan o exageran, o cuando se<br>\ndesconoce el papel que cada miembro de la familia desempe\u00f1a, ocurren diversos<br>\ntrastornos afectivos en los infantes.<\/p>\n<p><!-- \/wp:paragraph --><\/p>\n<p><!-- wp:paragraph --><\/p>\n<p>La tecnolog\u00eda suele darnos una ilusi\u00f3n de compa\u00f1\u00eda sin las<br>\nexigencias que supone la amistad presencial. Es posible crear relaciones<br>\nsuperfluas, frecuentes, pero poco profundas, en las cu\u00e1les el componente<br>\nemotivo es decididamente excluido o reducido al emotic\u00f3n. El problema es que<br>\nlos adolescentes se escondan tras una pantalla y no sepan relacionarse en la<br>\nvida real. Adem\u00e1s, este tipo de relaci\u00f3n puede tener para ellos, el atractivo<br>\nde llegar a ofrecer determinadas emociones placenteras que no encuentran<br>\nf\u00e1cilmente en la vida real (Del Bario &amp; Ruiz, 2014)<\/p>\n<p><!-- \/wp:paragraph --><\/p>\n<p><!-- wp:paragraph --><\/p>\n<p><strong>Justificaci\u00f3n<\/strong><\/p>\n<p><!-- \/wp:paragraph --><\/p>\n<p><!-- wp:paragraph --><\/p>\n<p>No asumiremos una actitud correctiva o reivindicativa de<br>\nlos padres o los hijos. Se requiere evidenciar una realidad que est\u00e1 cambiando,<br>\npara comprender las nuevas din\u00e1micas relacionales de los padres, ni\u00f1os y<br>\nadolescentes, que est\u00e1n afrontando en un proceso de desarrollo.<\/p>\n<p><!-- \/wp:paragraph --><\/p>\n<p><!-- wp:paragraph --><\/p>\n<p>La nueva forma de vida exige en su mayor\u00eda que mam\u00e1 y pap\u00e1<br>\ntrabajen para solventar los gastos del hogar, educaci\u00f3n y diversi\u00f3n, implicando<br>\nque los ni\u00f1os y adolescentes pasen menos tiempo con sus padres, m\u00e1s tiempo<br>\nacompa\u00f1ados de sus celulares, contribuyendo al ocio. El fin de semana se<br>\nconvierte en momentos de descanso, dividi\u00e9ndose en tiempo familiar y tiempo<br>\nindividual para los padres, que hoy en d\u00eda implica el salir de noche, viajar<br>\ncon amigos, estar de fiesta, conocer a otras personas, entre otros, este \u00faltimo<br>\nelemento se despliega a causa de los padres, requiriendo su espacio por haber<br>\ntrabajado demasiado tiempo. Asumiendo que, los padres de familia pasan muy poco<br>\ntiempo con los reto\u00f1os y llenan ese vac\u00edo con caprichos materiales. <\/p>\n<p><!-- \/wp:paragraph --><\/p>\n<p><!-- wp:paragraph --><\/p>\n<p>La familia como una instituci\u00f3n decisiva y determinante en<br>\nel desarrollo del ni\u00f1o y la ni\u00f1a, por ser en ella donde se crean los primeros<br>\nv\u00ednculos, que ser\u00e1n decisivos en la manera como se vincula posteriormente con<br>\nsus pares y con el entorno social. Cuando el ni\u00f1o y el adolescente poseen<br>\nbuenos referentes familiares, gozar\u00e1 posteriormente de mayor independencia y<br>\nlibertad para tomar sus propias decisiones y realizar sus propios ideales y<br>\nmetas (Moreno y Rojas, 1998, citado por, Moreno &amp; Norma, 2013)<\/p>\n<p><!-- \/wp:paragraph --><\/p>\n<p><!-- wp:paragraph --><\/p>\n<p>Los ni\u00f1os y adolescentes carecen de contacto con sus padres<br>\ny poca interacci\u00f3n social, incluyendo la forma de estudio por la pandemia, el<br>\ndi\u00e1logo es poco, el afecto lo confunden con tenerles todo en casa, trastornan<br>\nla independencia con la falta de presencia, no cabe otra opci\u00f3n en lo ni\u00f1os y<br>\nj\u00f3venes que valerse por s\u00ed mismos dentro de casa, en sus relaciones sociales y<br>\nescolares.<\/p>\n<p><!-- \/wp:paragraph --><\/p>\n<p><!-- wp:paragraph --><\/p>\n<p>La familia ideal deber\u00eda ser m\u00e1s dialogal, m\u00e1s flexible y<br>\nm\u00e1s afectuosa, mientras algunos adolescentes enfatizaron que algunas de las<br>\nexperiencias traum\u00e1ticas o de estr\u00e9s que vivencian est\u00e1n asociadas a la falta<br>\nde di\u00e1logo entre los miembros de la familia, a la inflexibilidad del ambiente<br>\nsocial y a la falta de afecto (Moreno &amp; Norma, 2013)<\/p>\n<p><!-- \/wp:paragraph --><\/p>\n<p><!-- wp:paragraph --><\/p>\n<p>La facilidad y comodidad que tienen los ni\u00f1os y<br>\nadolescentes, los hace crearse a partir de vivencias materiales y banales,<br>\nprivando su car\u00e1cter para enfrentarse a situaciones, decisiones de gran<br>\nimportancia de cambio en sus vidas. Estas faltas consiguen dificultades para tomas<br>\nde decisiones dif\u00edciles, que ser\u00e1n dram\u00e1ticas para su vida.&nbsp;&nbsp;&nbsp; El descuido del afecto, el di\u00e1logo, el<br>\ntiempo, el compartir experiencias, por parte de los padres, est\u00e1 incrementando<br>\nla ansiedad a temprana edad en sus hijos, implantando inseguridad, posibles<br>\ndepresiones intermitentes, un doble de esfuerzo para mantener inter\u00e9s en sus<br>\nobjetivos. <\/p>\n<p><!-- \/wp:paragraph --><\/p>\n<p><!-- wp:paragraph --><\/p>\n<p>Los autores Moreno &amp; Norma (2013) afirman que la forma<br>\ncomo los padres orientan y se relacionan con sus hijos marca una serie de<br>\ntendencias que se\u00f1alar\u00e1n el camino del desarrollo del individuo, siendo las<br>\nresponsables en gran medida de la estructuraci\u00f3n de su personalidad.<\/p>\n<p><!-- \/wp:paragraph --><\/p>\n<p><!-- wp:paragraph --><\/p>\n<p><strong>Desarrollo<\/strong><\/p>\n<p><!-- \/wp:paragraph --><\/p>\n<p><!-- wp:paragraph --><\/p>\n<p>Nos encontramos ante una serie de desaf\u00edos que est\u00e1n<br>\ninvolucrados en la formaci\u00f3n de los hijos, eso no vuelve inh\u00e1biles a los padres<br>\nde familia (hablando de familias en general), pero es posible reducir algunas<br>\nomisiones para fortalecer el desarrollo de los ni\u00f1os y j\u00f3venes. <\/p>\n<p><!-- \/wp:paragraph --><\/p>\n<p><!-- wp:paragraph --><\/p>\n<p>La familia es el determinante primario del destino de una<br>\npersona. Proporciona el tono psicol\u00f3gico, el primer entorno cultural; es el<br>\ncriterio primario para establecer la posici\u00f3n social de una persona joven. La<br>\nfamilia, construida como est\u00e1 sobre genes compartidos, es tambi\u00e9n la<br>\ndepositaria de los detalles culturales compartidos, y de la confianza mutua<br>\n(Bohannan,1996).<\/p>\n<p><!-- \/wp:paragraph --><\/p>\n<p><!-- wp:paragraph --><\/p>\n<p>El tiempo es una herramienta que al d\u00eda de hoy a\u00fan con<br>\navances en torno a la equidad de g\u00e9nero, las mujeres en el entorno familiar<br>\ntienen menos tiempo de ocio que un var\u00f3n, son quienes dedican m\u00e1s tiempo al<br>\ncuidado de los hijos y el hogar, esto imposibilita que los padres coincidan en<br>\nespacios para convivir en familia, mientras tanto, se reduce el tiempo de<br>\nconvivencia con los hijos, orill\u00e1ndolos a mantenerse m\u00e1s tiempo en redes<br>\nsociales. Betina &amp; Cotini (2011) las habilidades sociales posibilitan la<br>\nresoluci\u00f3n de problemas inmediatos y la disminuci\u00f3n de problemas futuros en la<br>\nmedida que el individuo respeta las conductas de los otros. Por otro lado,<br>\ntenemos a los padres divorciados, aun cuando el divorcio se lleva a cabo de una<br>\nforma tranquila y pac\u00edfica, existe un vac\u00edo en los reto\u00f1os, saber qu\u00e9 hubiera<br>\npasado si sus padres estuvieran juntos y si eso los har\u00eda sentir mejor, o en<br>\nuna parte menos culpables, a pesar de que esa no sea la raz\u00f3n de la separaci\u00f3n.<br>\nEl rol de convivencia genera que se acoplen a ambas formas de vivir de los<br>\npadres, sin poder acoplarse a una forma propia de vivir.<\/p>\n<p><!-- \/wp:paragraph --><\/p>\n<p><!-- wp:paragraph --><\/p>\n<p>Los v\u00ednculos afectivos son la expresi\u00f3n de la uni\u00f3n entre<br>\npadres e hijos, sus funciones van m\u00e1s all\u00e1 de la mera socializaci\u00f3n o<br>\neducaci\u00f3n, implican la satisfacci\u00f3n de sus necesidades materiales, afectivas y<br>\nespirituales. El afecto es planteado como una necesidad, deriva una buena<br>\nautoestima, seguridad en s\u00ed mismo, manejo adecuado de las relaciones<br>\ninterpersonales. P\u00e9rez &amp; Arr\u00e1zola (2013) se\u00f1alan, el afecto es una de las<br>\nnecesidades axiol\u00f3gicas esenciales para formar sujetos sanos emocionalmente, requiere<br>\npor tanto ser satisfecha mediante diversos satisfactores no medibles<br>\necon\u00f3micamente, es decir, calidez, cuidado, amor, tiempo compartido, normas<br>\nconvivenciales.<\/p>\n<p><!-- \/wp:paragraph --><\/p>\n<p><!-- wp:paragraph --><\/p>\n<p>La rebeld\u00eda, la falta de personalidad por pertenecer a un<br>\nmundo de constante informaci\u00f3n, emanando todo y nada a la vez, no permite una<br>\ndefinici\u00f3n de la personalidad y car\u00e1cter, mayor sensibilidad ante cualquier<br>\ntema, vidas idealizas, estos y m\u00e1s temas recaen en los retos actuales para la<br>\nformaci\u00f3n de ni\u00f1os y adolescentes, no estamos aqu\u00ed para describirlos, sino para<br>\nse\u00f1alarlos. &nbsp;<\/p>\n<p><!-- \/wp:paragraph --><\/p>\n<p><!-- wp:paragraph --><\/p>\n<p><strong>Conclusiones<\/strong><\/p>\n<p><!-- \/wp:paragraph --><\/p>\n<p><!-- wp:paragraph --><\/p>\n<p>Al pasar tanto tiempo sumergidos en vidas ajenas (redes<br>\nsociales), reduciendo el contacto social, amistoso, familiar, conlleva a idealizar<br>\nlo que tienen los dem\u00e1s, tanto que en el mismo curso se cae en un ciclo de<br>\nconfort, ocio, desperdicio de vida. No permitas discriminar el internet en su<br>\ntotalidad, sus beneficios son incre\u00edbles, se ha convertido en una herramienta<br>\nde comunicaci\u00f3n, difusi\u00f3n, conexi\u00f3n, para que ello funcione adecuadamente, se<br>\nrequiere un control al impulso de permanecer colgados de esta red, formar un<br>\nequilibrio, para que te permitas sumergirte en otra especie de conexi\u00f3n con tus<br>\nhabilidades, tu crecimiento personal, laboral, social, familiar, acad\u00e9mico.<\/p>\n<p><!-- \/wp:paragraph --><\/p>\n<p><!-- wp:paragraph --><\/p>\n<p>Las familias podr\u00edan organizar m\u00e1s actividades de inter\u00e9s<br>\nque les permitan compartir sus conocimientos, competencias, pensamientos,<br>\ncreencias. Dicho esto, es m\u00e1s probable encontrarlo en juegos recreativos,<br>\nreuniones familiares, visitas a centros culturales, actividades f\u00edsicas,<br>\nocasionalmente viajes, les ayudar\u00e1 a conocer nuevas formas de vida, culturas,<br>\ntradiciones. Mantener la mente abierta a nuevas experiencias, les motiva a<br>\ncrear nuevas formas de interpretar la vida.<\/p>\n<p><!-- \/wp:paragraph --><\/p>\n<p><!-- wp:paragraph --><\/p>\n<p>La misma convivencia une, fortalece lazos, confianza, los<br>\nintegrantes de la familia se vuelven m\u00e1s expresivos, a su vez, se forjan los<br>\nv\u00ednculos afectivos. Las relaciones interpersonales, son m\u00e1s sanas, y permiten<br>\nsolucionar conflictos de manera m\u00e1s \u00f3ptima.<\/p>\n<p><!-- \/wp:paragraph --><\/p>\n<p><!-- wp:paragraph --><\/p>\n<p>El cambio de vida que est\u00e1 logrando una comodidad<br>\nconstante, genera una domesticaci\u00f3n humana, los hijos se vuelven menos<br>\nintuitivos, m\u00e1s d\u00e9biles ante el enfrentamiento de sobrevivencia. Est\u00e1 facilidad<br>\nde tener todo en cuesti\u00f3n de un clic, requiere de menos esfuerzos, menos<br>\nrazonamiento, pensamiento, l\u00f3gica, fuerza, dedicaci\u00f3n, y muchos m\u00e1s compuestos.<br>\nSe ha logrado volver al hombre menos capaz, sin la necesidad de utilizar el uso<br>\nde raz\u00f3n. El ser humano est\u00e1 perdiendo su naturaleza, su gen\u00e9tica se est\u00e1 volviendo<br>\nartificial.<\/p>\n<p><!-- \/wp:paragraph --><\/p>\n<p><!-- wp:paragraph --><\/p>\n<p>Fomentar medidas que permitan a los padres de familia<br>\nconectar con sus hijos m\u00e1s de lo que la tecnolog\u00eda conecta actualmente con<br>\nellos, estar alerta de los cambios negativos que la misma tecnolog\u00eda pueda ir<br>\ngenerando, as\u00ed como, ocasionando repercusiones en cada etapa del crecimiento.<br>\nSin embargo, es posible tomar la otra cara de la moneda de este presente, para<br>\nque los padres se actualicen, se sumerjan un poco m\u00e1s en el uso de estas<br>\nherramientas tecnol\u00f3gicas, haciendo una pr\u00e1ctica que permita el acercamiento a<br>\nsus reto\u00f1os, y comprendan parte de lo que les llama la atenci\u00f3n.<\/p>\n<p><!-- \/wp:paragraph --><\/p>\n<p><!-- wp:paragraph --><\/p>\n<p><strong>Referencias <\/strong><\/p>\n<p><!-- \/wp:paragraph --><\/p>\n<p><!-- wp:paragraph --><\/p>\n<p>Betina, L. &amp;<br>\nCotini, G. (2011). Las habilidades sociales en ni\u00f1os y adolescentes. Su<br>\nimportancia en la prevenci\u00f3n de trastornos psicopatol\u00f3gicos. <em>Fundamentos en Humanidades, 23(12),<\/em><br>\n159-182. https:\/\/www.redalyc.org\/pdf\/184\/18424417009.pdf<\/p>\n<p><!-- \/wp:paragraph --><\/p>\n<p><!-- wp:paragraph --><\/p>\n<p>Bohannan, P. (1996). <em>Para raros nosotros. Introducci\u00f3n a la<br>\nantropolog\u00eda cultural.<\/em> Arial S. A.<\/p>\n<p><!-- \/wp:paragraph --><\/p>\n<p><!-- wp:paragraph --><\/p>\n<p>Del Barrio, F. &amp;<br>\nRuiz, F. (2014). Los adolescentes y el uso de las redes sociales. <em>International Journal of Developmental and Educational<br>\nPsychology 3(1)<\/em>,<br>\n571-576. https:\/\/www.redalyc.org\/pdf\/3498\/349851785056.pdf<\/p>\n<p><!-- \/wp:paragraph --><\/p>\n<p><!-- wp:paragraph --><\/p>\n<p>Moreno, C. &amp; Norma,<br>\nD. (2013). Familias cambiantes, paternidad en crisis. <em>Psicolog\u00eda desde el caribe<\/em><\/p>\n<p><!-- \/wp:paragraph --><\/p>\n<p><!-- wp:paragraph --><\/p>\n<p>Pereira, M. (1984). I<em>nfluencia de la vida familiar: La percepci\u00f3n<br>\nfamiliar del ni\u00f1o abandonado.<\/em> Trillas.<\/p>\n<p><!-- \/wp:paragraph --><\/p>\n<p><!-- wp:paragraph --><\/p>\n<p>P\u00e9rez, C. &amp; Arr\u00e1zola, E. (2013). V\u00ednculo afectivo en la relaci\u00f3n parento-filial como factor de calidad de vida. <em>Tend. Ret, 18(1),<\/em> 17-32. file:\/\/\/C:\/Users\/Karina\/Downloads\/Dialnet-VinculoAfectivoEnLaRelacionParentofilialComoFactor-4929410.pdf<\/p>\n<p><!-- \/wp:paragraph --><\/p>\n<p><!-- wp:quote --><\/p>\n<blockquote class=\"wp-block-quote\">\n<p>Las opiniones expresadas por los autores no necesariamente reflejan la postura del editor de la publicaci\u00f3n. Esta revista es una publicaci\u00f3n semestral en espa\u00f1ol, arbitrada, de acceso abierto y licenciamiento <em>Creative Commons<\/em>; puede ser reproducida con fines no lucrativos, siempre y cuando se cite la fuente completa y su direcci\u00f3n electr\u00f3nica. De otra forma requiere permiso previo por escrito.  <\/p>\n<\/blockquote>\n<p><!-- \/wp:quote --><\/p>","protected":false},"excerpt":{"rendered":"<div class=\"mh-excerpt\"><p>Lic. Diana Karina Cervantes NavarroProfesionista independiente Psic\u00f3loga General, asesora en el \u00e1rea de la Educaci\u00f3n Especial y Necesidades Educativas Especiales. Contacto: kar.cervn69@gmail.com Cita recomendada: Cervantes, <a class=\"mh-excerpt-more\" href=\"https:\/\/www.gipps.org\/revistaredes\/analisis\/retos-en-la-formacion-de-ninos-y-adolescentes\/\" title=\"RETOS EN LA FORMACI\u00d3N DE NI\u00d1AS, NI\u00d1OS Y ADOLESCENTES\">[&#8230;]<\/a><\/p>\n<\/div>","protected":false},"author":1,"featured_media":760,"comment_status":"closed","ping_status":"closed","sticky":false,"template":"","format":"standard","meta":[],"categories":[4],"tags":[],"_links":{"self":[{"href":"https:\/\/www.gipps.org\/revistaredes\/wp-json\/wp\/v2\/posts\/674"}],"collection":[{"href":"https:\/\/www.gipps.org\/revistaredes\/wp-json\/wp\/v2\/posts"}],"about":[{"href":"https:\/\/www.gipps.org\/revistaredes\/wp-json\/wp\/v2\/types\/post"}],"author":[{"embeddable":true,"href":"https:\/\/www.gipps.org\/revistaredes\/wp-json\/wp\/v2\/users\/1"}],"replies":[{"embeddable":true,"href":"https:\/\/www.gipps.org\/revistaredes\/wp-json\/wp\/v2\/comments?post=674"}],"version-history":[{"count":5,"href":"https:\/\/www.gipps.org\/revistaredes\/wp-json\/wp\/v2\/posts\/674\/revisions"}],"predecessor-version":[{"id":920,"href":"https:\/\/www.gipps.org\/revistaredes\/wp-json\/wp\/v2\/posts\/674\/revisions\/920"}],"wp:featuredmedia":[{"embeddable":true,"href":"https:\/\/www.gipps.org\/revistaredes\/wp-json\/wp\/v2\/media\/760"}],"wp:attachment":[{"href":"https:\/\/www.gipps.org\/revistaredes\/wp-json\/wp\/v2\/media?parent=674"}],"wp:term":[{"taxonomy":"category","embeddable":true,"href":"https:\/\/www.gipps.org\/revistaredes\/wp-json\/wp\/v2\/categories?post=674"},{"taxonomy":"post_tag","embeddable":true,"href":"https:\/\/www.gipps.org\/revistaredes\/wp-json\/wp\/v2\/tags?post=674"}],"curies":[{"name":"wp","href":"https:\/\/api.w.org\/{rel}","templated":true}]}}