{"id":587,"date":"2021-06-30T01:00:31","date_gmt":"2021-06-30T01:00:31","guid":{"rendered":"http:\/\/www.gipps.org\/revistaredes\/?p=587"},"modified":"2022-06-24T08:38:47","modified_gmt":"2022-06-24T08:38:47","slug":"salud-mental-en-el-siglo-xxi-presentacion-del-numero","status":"publish","type":"post","link":"https:\/\/www.gipps.org\/revistaredes\/presentacion-numero\/salud-mental-en-el-siglo-xxi-presentacion-del-numero\/","title":{"rendered":"SALUD MENTAL EN EL SIGLO XXI. PRESENTACI\u00d3N DEL N\u00daMERO"},"content":{"rendered":"\n<p><strong>DOI:<\/strong>  https:\/\/doi.org\/10.22402\/j.redes.unam.2.2.2020.345.6 <\/p>\n\n\n\n<p>El 31 de diciembre de 2019, la Comisi\u00f3n\nMunicipal de Salud de Wuhan (provincia de Hubei, China) notific\u00f3 un n\u00famero significativo\nde personas quienes presentaban una extra\u00f1a neumon\u00eda en esta ciudad; poco\ndespu\u00e9s, los expertos determinaron que este problema en las v\u00edas respiratorias\nestaba siendo causado por un nuevo coronavirus (COVID-19 o SARS-CoV-2). Para el\ntercer trimestre del a\u00f1o 2020, este virus se hab\u00eda dispersado r\u00e1pidamente en\ndiferentes pa\u00edses. En consecuencia, el 11 de marzo del mismo a\u00f1o, Tedros Adhanom\nGhebreyesus, director de la Organizaci\u00f3n Mundial de la Salud (OMS), decret\u00f3 al\ncoronarivrus como una pandemia mundial y la OMS pronostic\u00f3 serias\nconsecuencias. En su conferencia, Tedros Adhanom Ghebreyesus se\u00f1al\u00f3 \u201c<em>El\ncoronavirus no es solo una crisis de salud p\u00fablica, es una crisis que afectar\u00e1\na todos los sectores<\/em>\u201d. <\/p>\n\n\n\n<p>En\nM\u00e9xico, en febrero de 2020 se aunci\u00f3 el primer caso dectado de SARS-CoV-2; a mediados de marzo se notificaron\nlas primeras muertes causadas por este virus; y a finales del mismo mes, se suspendieron\nlas clases presenciales por la pandemia. Para el 21 de abril del mismo a\u00f1o, la\npoblaci\u00f3n entrar\u00eda en un proceso de distanciamiento social y confinamiento con\nel objetivo de prevenir m\u00e1s contagios por COVID-19. Si bien estas medidas\ncontribuyeron, parcialmente,\na frenar el contagio por SARS-CoV-2, tambi\u00e9n tuvieron efectos negativos sobre\nla salud mental de la poblaci\u00f3n. En septiembre de 2020, una prestigiada revista\npublico un art\u00edculo titulado \u201c<em>How the COVID<\/em><em>\u2010<\/em><em>19 pandemic has changed our lives: A study\nof psychological correlates across 59 countries<\/em>\u201d en donde la Dra. Alzueta y sus\ncolaborares, evidenciaron que la pandemia, el aislamiento y la distancia social\nincrementaron significativamente, en diferentes paises, los niveles de estr\u00e9s y\nansiedad; lo que contribuy\u00f3 a generar una angustia severa, y en conjunto, se\ncomenzaron a configurar las condicones propicias para predisponer el desarrollo\nde diferentes trastornos psicol\u00f3gicos. En esta l\u00ednea de an\u00e1lisis, la pandemia,\nal ser un fen\u00f3meno mundial, impredecible, termin\u00f3 tambi\u00e9n por elevar la\nincertidumbre de la poblaci\u00f3n y los \u00edndices de depresi\u00f3n en todo el mundo. <\/p>\n\n\n\n<p>As\u00ed, la noci\u00f3n y\nexpectativa generalizada de una \u201cvida normal\u201d se cambi\u00f3 por un curso de vida impredecible,\ndonde existen con mucha m\u00e1s frecuencia las p\u00e9rdidas, por ejemplo, financieras,\nde trabajo, de amigos y familiares que murieron; en un entorno donde la\nmovilidad se restringe, las formas de contacto social cambian, las pautas de\ninteracci\u00f3n se transforman; y algunos accesorios forman parte del vestir, como\npor ejemplo, el cubrebocas, los lentes y las caretas; que se acompa\u00f1an bien,\ndel gel antibacterial; todos \u00e9stos convertidos en productos de primera\nnecesidad; al mismo tiempo que la tecnolog\u00eda cobra un papel central en la\neducaci\u00f3n, el trabajo y en la comunicaci\u00f3n con los otros. As\u00ed, la pandemia y\nlas acciones para mitigar su avance terminaron afectando diferentes dominios de\nvida, tanto en el \u00e1rea fisica y psicol\u00f3gica del individuo, como en la dimensi\u00f3n\nsocial, familiar, laboral, econ\u00f3mica, pol\u00edtica y cultural. Y por si fuera poco,\na este dantesco panorama, habr\u00e1 que sumar las crisis derivadas de las transiciones\nde vida, las dificultades y eventos cotidianos, que se configuran y acumulan\ncon el paso de los d\u00edas y que contribuyen con un p\u00e9simo ajuste psicosocial para\nel individuo. <\/p>\n\n\n\n<p>En este contexto, los\nprofesionales de la salud, han intentado responder ante la pandemia\ninternacional por COVID-19, muchos de ellos, orientando sus esfuerzos por la\nresistencia f\u00edsica y emocional para afrontar situaciones de vida o muerte, con\naltruismo, integridad, responsabilidad y auto cuidado para preservar su salud;\ny as\u00ed continuar con la responsabilidad social que asumen ante la crisis global\nque enfrentamos. Por estos motivos, el volumen 3, n\u00famero 1 de la revista REDES, Revista de Divulgaci\u00f3n Crisis y\nRetos en la Familia y Pareja, dirige este ejemplar, a los profesionales de la\nsalud mental, con el prop\u00f3sito de recuperar diferentes experiencias, puntos de\nvista, sugerencias y recomendaciones para el trabajo psicosocial con diferentes\ngrupos que han sido afectados con este virus; pero al mismo tiempo, ofrece una\nmirada al p\u00fablico en general, de como los expertos en el \u00e1rea de la salud\nmental, enfrentan, recomiendan y perciben, el gran reto de salud que\nactualmente tienen en sus manos. As\u00ed, los <em>legos<\/em> tambi\u00e9n pueden\ninformarse y saber, de primera l\u00ednea, las opiniones y perspectivas de los\nexpertos sobre este tema. <\/p>\n\n\n\n<p>De esta forma, el presente n\u00famero cuenta con dos art\u00edculos, en su primera secci\u00f3n, en donde la Dra. Silvia Fabiana Comastri analiza como la pr\u00e1ctica psicoanal\u00edtica se ha adecuado a esta nueva realidad social, matizada por el COVID-19; y los retos que enfrenta la <em>praxis<\/em> profesional en los entornos institucionalizados. Asimismo, la Dra. Natalia De Brigard Merch\u00e1n, en su art\u00edculo, reflexiona desde el marco de la Logoterapia, si las consecuencias de la pandemia son primordialmente de naturaleza emocional o si el SARS-CoV-2 afecta aspectos fundamentales del ser humano como su sentido de la existencia, el ejercicio de la libertad y la disponibilidad hacia otros. Posteriormente, en la secci\u00f3n de entrevista, la psic\u00f3loga Leticia B\u00e1ez P\u00e9rez nos comparte las reflexiones y los puntos de vista de la Dra. Ang\u00e9lica Riveros Ba\u00f1os, especialista en el \u00e1rea de la salud y en problemas relacionados con el \u00e1mbito hospitalario. Los temas de la entrevista versan sobre las necesidades psicol\u00f3gicas que la sociedad demanda ante la pandemia, sus consecuencias y los retos que este nuevo virus plantea. Por \u00faltimo, la experta ofrece sugerencias para mejorar el autocuidado y generar h\u00e1bitos saludables en esta contingencia sanitaria. En la siguiente secci\u00f3n, denominada, estudio de caso, la Mtra. Oralia Espinoza Montiel, expone un caso cl\u00ednico, que muestra el manejo terap\u00e9utico en la depresi\u00f3n, desde la Terapia Narrativa. Y por \u00faltimo, pero no menos importante, la Dra. Anabel de la Rosa, en la secci\u00f3n de recomendaciones, realiza un an\u00e1lisis sobre el papel de las tecnolog\u00edas en la telepsicolog\u00eda; y el papel que \u00e9stas han tenido en el acceso a la atenci\u00f3n psicol\u00f3gica, pero tambi\u00e9n en la evaluaci\u00f3n y prevenci\u00f3n de problemas de salud mental en esta pandemia. Adem\u00e1s, la especialista aborda los beneficios y bondades que las tecnolog\u00edas pueden tener en la intervenci\u00f3n psicol\u00f3gica para la atenci\u00f3n de diferentes grupos; sin descuidar las consideraciones \u00e9ticas y de privacidad que el uso de las tecnolog\u00edas plantean. En este marco, se brindan sugerencias dirigidas a la confidencialidad, la competencia y la responsabilidad en este ejercicio emergente de la telepsicolog\u00eda.  Estamos seguros, que las opiniones, experiencias, sugerencias, puntos de vista y recomendaciones vertidas en este n\u00famero, ser\u00e1n de inter\u00e9s para los <em>legos<\/em>, as\u00ed como para los expertos. Al final, todos, como poblaci\u00f3n, estamos interesados y a la expectativa de lo que pueda acontecer, en esta nueva realidad. <\/p>\n\n\n\n<div class=\"wp-block-image\"><figure class=\"aligncenter is-resized\"><img decoding=\"async\" loading=\"lazy\" src=\"https:\/\/www.gipps.org\/revistaredes\/wp-content\/uploads\/2021\/07\/374-Otro-2308-1-11-20210617-150x150.png\" alt=\"\" class=\"wp-image-654\" width=\"150\" height=\"150\"\/><figcaption>Dr. David Javier Enr\u00edquez Negrete<br>Editor ejecutivo<\/figcaption><\/figure><\/div>\n\n\n\n<h2 class=\"wp-block-heading\">Universidad Nacional Aut\u00f3noma de M\u00e9xico. Facultad de Estudios Superiores Iztacala<\/h2>\n\n\n\n<p><strong>EDITOR EJECUTIVO<\/strong><\/p>\n\n\n\n<blockquote class=\"wp-block-quote\"><p><strong>Copyright: \u00a9 2021 Revista de Divulgaci\u00f3n Crisis y Retos en la Familia y Pareja <\/strong><br> Esta&nbsp; es&nbsp; una&nbsp; revista&nbsp; de&nbsp; acceso&nbsp; abierto&nbsp; distribuida&nbsp; bajo&nbsp; los&nbsp; t\u00e9rminos&nbsp; de&nbsp; la&nbsp; licencia Creative Commons Reconocimiento-NoComercial-Compartirigual 4.0 Internacional, por lo que su contenido gr\u00e1fico y escrito se puede compartir, copiar y redistribuir total o parcialmente sin necesidad de permiso expreso de sus creadores con la \u00fanica condici\u00f3n de que no se puede usar con fines directamente comerciales y los t\u00e9rminos legales de cualquier trabajo derivado deben ser los mismos que se expresan en la presente declaraci\u00f3n. La \u00fanica condici\u00f3n es que se cite la fuente con referencia a la Revista y a sus creadores <\/p><\/blockquote>\n","protected":false},"excerpt":{"rendered":"<div class=\"mh-excerpt\"><p>DOI: https:\/\/doi.org\/10.22402\/j.redes.unam.2.2.2020.345.6 El 31 de diciembre de 2019, la Comisi\u00f3n Municipal de Salud de Wuhan (provincia de Hubei, China) notific\u00f3 un n\u00famero significativo de personas <a class=\"mh-excerpt-more\" href=\"https:\/\/www.gipps.org\/revistaredes\/presentacion-numero\/salud-mental-en-el-siglo-xxi-presentacion-del-numero\/\" title=\"SALUD MENTAL EN EL SIGLO XXI. PRESENTACI\u00d3N DEL N\u00daMERO\">[&#8230;]<\/a><\/p>\n<\/div>","protected":false},"author":1,"featured_media":656,"comment_status":"closed","ping_status":"closed","sticky":false,"template":"","format":"standard","meta":[],"categories":[8],"tags":[],"_links":{"self":[{"href":"https:\/\/www.gipps.org\/revistaredes\/wp-json\/wp\/v2\/posts\/587"}],"collection":[{"href":"https:\/\/www.gipps.org\/revistaredes\/wp-json\/wp\/v2\/posts"}],"about":[{"href":"https:\/\/www.gipps.org\/revistaredes\/wp-json\/wp\/v2\/types\/post"}],"author":[{"embeddable":true,"href":"https:\/\/www.gipps.org\/revistaredes\/wp-json\/wp\/v2\/users\/1"}],"replies":[{"embeddable":true,"href":"https:\/\/www.gipps.org\/revistaredes\/wp-json\/wp\/v2\/comments?post=587"}],"version-history":[{"count":3,"href":"https:\/\/www.gipps.org\/revistaredes\/wp-json\/wp\/v2\/posts\/587\/revisions"}],"predecessor-version":[{"id":876,"href":"https:\/\/www.gipps.org\/revistaredes\/wp-json\/wp\/v2\/posts\/587\/revisions\/876"}],"wp:featuredmedia":[{"embeddable":true,"href":"https:\/\/www.gipps.org\/revistaredes\/wp-json\/wp\/v2\/media\/656"}],"wp:attachment":[{"href":"https:\/\/www.gipps.org\/revistaredes\/wp-json\/wp\/v2\/media?parent=587"}],"wp:term":[{"taxonomy":"category","embeddable":true,"href":"https:\/\/www.gipps.org\/revistaredes\/wp-json\/wp\/v2\/categories?post=587"},{"taxonomy":"post_tag","embeddable":true,"href":"https:\/\/www.gipps.org\/revistaredes\/wp-json\/wp\/v2\/tags?post=587"}],"curies":[{"name":"wp","href":"https:\/\/api.w.org\/{rel}","templated":true}]}}