{"id":511,"date":"2020-12-31T00:05:25","date_gmt":"2020-12-31T00:05:25","guid":{"rendered":"http:\/\/www.gipps.org\/revistaredes\/?p=511"},"modified":"2024-03-01T00:56:25","modified_gmt":"2024-03-01T00:56:25","slug":"retos-para-mejorar-la-calidad-de-vida-proceso-de-salud-enfermedad-presentacion-del-numero","status":"publish","type":"post","link":"https:\/\/www.gipps.org\/revistaredes\/presentacion-numero\/retos-para-mejorar-la-calidad-de-vida-proceso-de-salud-enfermedad-presentacion-del-numero\/","title":{"rendered":"RETOS PARA MEJORAR LA CALIDAD DE VIDA. PROCESO DE SALUD ENFERMEDAD. PRESENTACI\u00d3N DEL N\u00daMERO"},"content":{"rendered":"\n<p><strong>DOI:<\/strong>  https:\/\/doi.org\/10.22402\/j.redes.unam.2.2.2020.345.6 <\/p>\n\n\n\n<p>El volumen 2, n\u00famero 2 de la Revista de Divulgaci\u00f3n Crisis y Retos en la Familia y Pareja est\u00e1 centrado en la calidad de vida y de c\u00f3mo existe un v\u00ednculo entre la salud y la enfermedad. Si bien son diversos los aspectos que se relacionan con el proceso de salud-enfermedad, en este n\u00famero se abordan algunos temas actuales en los que se proporciona al lector recomendaciones y sugerencias ante ciertas problem\u00e1ticas.<\/p>\n\n\n\n<p>Este n\u00famero cuenta con cinco art\u00edculos divididos en cuatro\nsecciones que comprende la revista. En la secci\u00f3n de investigaci\u00f3n se presentan\ndos trabajos; la Lic. Jessica Escalante nos presenta las experiencias de\nhombres diagnosticados con el Virus del Papiloa Humano, para ello eval\u00fao en un\ngrupo de hombres las emociones negativas, sus creencias irracionales y\npercepci\u00f3n de apoyo social; mostrando c\u00f3mo atraviesan un proceso de\nincertidumbre durante el diagn\u00f3stico inicial que puede impactar en su calidad\nde vida. Por su parte, el Mtro. Isa\u00edas Vicente Lugo Gonz\u00e1lez y el Dr. Leonardo\nReynoso-Erazo refieren un estudio en personas que viven con enfermedad renal\ncr\u00f3nica, evidenciando que una percepci\u00f3n negativa de la enfermedad se relaciona\ncon s\u00edntomas de depresi\u00f3n y con una pobre calidad de vida.<\/p>\n\n\n\n<p>En la secci\u00f3n de an\u00e1lisis la Lic. Diana Karina Cervantes\nNavarro nos habla de c\u00f3mo el post-parto implica en la mujer una nueva etapa en\nsu ciclo de vida, en la que se debe procesar diversos cambios personales y\nemocionales, que de no llevarse a cabo de manera adecuada puede traer como\nconsecuencia alg\u00fan trastorno de la conducta alimentaria; as\u00ed c\u00f3mo de la\nnecesidad de atender esta problem\u00e1tica para evitar riesgos futuros.<\/p>\n\n\n\n<p>Tambi\u00e9n se presenta la entrevista realizada al Dr. Juan Jos\u00e9\nS\u00e1nchez Sosa, profesor em\u00e9rito de la Universidad Nacional Aut\u00f3noma de M\u00e9xico\ncon m\u00e1s de 40 a\u00f1os de servicio y miembro del Sistema Nacional de\nInvestigadores, nivel III, quien a trav\u00e9s de las preguntas realizadas por el\nMtro. Oscar Iv\u00e1n Negrete Rodr\u00edguez, invita a la reflexi\u00f3n sobre el trabajo del\npsic\u00f3logo de la salud y su relevancia en el \u00e1rea de la prevenci\u00f3n de\nenfermedades y promoci\u00f3n de la salud, resaltando la importancia de c\u00f3mo la\nsociedad debe aprender a identificar con qui\u00e9n acudir y que s\u00f3lo acept\u00e9\nintervenciones o recomendaciones basadas en evidencia cient\u00edfica y profesional.\n<\/p>\n\n\n\n<p>Por \u00faltimo, el Dr. V\u00edctor Rodr\u00edguez P\u00e9rez en la secci\u00f3n de\nrecomendaciones nos presenta algunos lineamientos generales que debemos seguir\npara el cuidado de la salud mental en tiempos de COVID-19, as\u00ed como de una\nserie de instituciones que en caso de ser necesario las personas pueden acudir\na solicitar apoyo psicol\u00f3gico. Adem\u00e1s, nos habla de c\u00f3mo el COVID-19 puede\ncausar estigma y\/o discriminaci\u00f3n y la manera en c\u00f3mo se puede prevenir,\nfinalizando con algunas recomendaciones sobre relaciones sexuales y consumo de\ndrogas en tiempos de COVID-19.<\/p>\n\n\n\n<div class=\"wp-block-image\"><figure class=\"aligncenter is-resized\"><img decoding=\"async\" loading=\"lazy\" src=\"http:\/\/www.gipps.org\/revistaredes\/wp-content\/uploads\/2021\/01\/345-Otro-2020-1-11-20201221-769x1024.jpg\" alt=\"\" class=\"wp-image-571\" width=\"192\" height=\"256\" srcset=\"https:\/\/www.gipps.org\/revistaredes\/wp-content\/uploads\/2021\/01\/345-Otro-2020-1-11-20201221-769x1024.jpg 769w, https:\/\/www.gipps.org\/revistaredes\/wp-content\/uploads\/2021\/01\/345-Otro-2020-1-11-20201221-225x300.jpg 225w, https:\/\/www.gipps.org\/revistaredes\/wp-content\/uploads\/2021\/01\/345-Otro-2020-1-11-20201221-768x1022.jpg 768w, https:\/\/www.gipps.org\/revistaredes\/wp-content\/uploads\/2021\/01\/345-Otro-2020-1-11-20201221.jpg 1807w\" sizes=\"(max-width: 192px) 100vw, 192px\" \/><figcaption><strong>Dra. Consuelo Rubi Rosales Pi\u00f1a<\/strong><br>Editora Ejecutiva<\/figcaption><\/figure><\/div>\n\n\n\n<h2 class=\"wp-block-heading\">Universidad Nacional Aut\u00f3noma de M\u00e9xico. Facultad de Estudios Superiores Iztacala<\/h2>\n\n\n\n<p><strong>EDITORA\nEJECUTIVA<\/strong><\/p>\n\n\n\n<blockquote class=\"wp-block-quote\"><p><strong>Copyright: \u00a9 2020 Revista de Divulgaci\u00f3n Crisis y Retos en la Familia y Pareja <\/strong><br> Esta\u00a0 es\u00a0 una\u00a0 revista\u00a0 de\u00a0 acceso\u00a0 abierto\u00a0 distribuida\u00a0 bajo\u00a0 los\u00a0 t\u00e9rminos\u00a0 de\u00a0 la\u00a0 licencia Creative Commons Reconocimiento-NoComercial-Compartirigual 4.0 Internacional, por lo que su contenido gr\u00e1fico y escrito se puede compartir, copiar y redistribuir total o parcialmente sin necesidad de permiso expreso de sus creadores con la \u00fanica condici\u00f3n de que no se puede usar con fines directamente comerciales y los t\u00e9rminos legales de cualquier trabajo derivado deben ser los mismos que se expresan en la presente declaraci\u00f3n. La \u00fanica condici\u00f3n es que se cite la fuente con referencia a la Revista REDES y a sus creadores <\/p><\/blockquote>\n","protected":false},"excerpt":{"rendered":"<div class=\"mh-excerpt\"><p>DOI: https:\/\/doi.org\/10.22402\/j.redes.unam.2.2.2020.345.6 El volumen 2, n\u00famero 2 de la Revista de Divulgaci\u00f3n Crisis y Retos en la Familia y Pareja est\u00e1 centrado en la calidad <a class=\"mh-excerpt-more\" href=\"https:\/\/www.gipps.org\/revistaredes\/presentacion-numero\/retos-para-mejorar-la-calidad-de-vida-proceso-de-salud-enfermedad-presentacion-del-numero\/\" title=\"RETOS PARA MEJORAR LA CALIDAD DE VIDA. PROCESO DE SALUD ENFERMEDAD. PRESENTACI\u00d3N DEL N\u00daMERO\">[&#8230;]<\/a><\/p>\n<\/div>","protected":false},"author":1,"featured_media":575,"comment_status":"closed","ping_status":"closed","sticky":false,"template":"","format":"standard","meta":[],"categories":[8],"tags":[],"_links":{"self":[{"href":"https:\/\/www.gipps.org\/revistaredes\/wp-json\/wp\/v2\/posts\/511"}],"collection":[{"href":"https:\/\/www.gipps.org\/revistaredes\/wp-json\/wp\/v2\/posts"}],"about":[{"href":"https:\/\/www.gipps.org\/revistaredes\/wp-json\/wp\/v2\/types\/post"}],"author":[{"embeddable":true,"href":"https:\/\/www.gipps.org\/revistaredes\/wp-json\/wp\/v2\/users\/1"}],"replies":[{"embeddable":true,"href":"https:\/\/www.gipps.org\/revistaredes\/wp-json\/wp\/v2\/comments?post=511"}],"version-history":[{"count":4,"href":"https:\/\/www.gipps.org\/revistaredes\/wp-json\/wp\/v2\/posts\/511\/revisions"}],"predecessor-version":[{"id":1366,"href":"https:\/\/www.gipps.org\/revistaredes\/wp-json\/wp\/v2\/posts\/511\/revisions\/1366"}],"wp:featuredmedia":[{"embeddable":true,"href":"https:\/\/www.gipps.org\/revistaredes\/wp-json\/wp\/v2\/media\/575"}],"wp:attachment":[{"href":"https:\/\/www.gipps.org\/revistaredes\/wp-json\/wp\/v2\/media?parent=511"}],"wp:term":[{"taxonomy":"category","embeddable":true,"href":"https:\/\/www.gipps.org\/revistaredes\/wp-json\/wp\/v2\/categories?post=511"},{"taxonomy":"post_tag","embeddable":true,"href":"https:\/\/www.gipps.org\/revistaredes\/wp-json\/wp\/v2\/tags?post=511"}],"curies":[{"name":"wp","href":"https:\/\/api.w.org\/{rel}","templated":true}]}}