{"id":364,"date":"2020-06-30T03:00:33","date_gmt":"2020-06-30T03:00:33","guid":{"rendered":"http:\/\/www.gipps.org\/revistaredes\/?p=364"},"modified":"2024-03-01T00:55:03","modified_gmt":"2024-03-01T00:55:03","slug":"el-silencio-tambien-es-violencia-de-genero-hablemos-de-los-hombres-violentados-por-sus-mujeres","status":"publish","type":"post","link":"https:\/\/www.gipps.org\/revistaredes\/analisis\/el-silencio-tambien-es-violencia-de-genero-hablemos-de-los-hombres-violentados-por-sus-mujeres\/","title":{"rendered":"EL SILENCIO TAMBI\u00c9N ES VIOLENCIA DE G\u00c9NERO: HABLEMOS DE LOS HOMBRES VIOLENTADOS POR SUS MUJERES"},"content":{"rendered":"\n<p><em>Dra. Patricia Trujano Ru\u00edz<\/em><\/p>\n\n\n\n<p> Carrera de Psicolog\u00eda y Divisi\u00f3n de Investigaci\u00f3n y Posgrado UNAM, Campus Iztacala. <\/p>\n\n\n\n<p><em>Cita<\/em><em>&nbsp;recomendada<\/em><em><\/em><\/p>\n\n\n\n<p>Trujano\u00a0P.\u00a0(2020).\u00a0El\u00a0silencio\u00a0tambi\u00e9n\u00a0es\u00a0violencia\u00a0de\u00a0g\u00e9nero:\u00a0Hablemos\u00a0de\u00a0los\u00a0hombres\u00a0violentados\u00a0por\u00a0sus\u00a0mujeres.\u00a0<em>Revista\u00a0de\u00a0Divulgaci\u00f3n\u00a0Crisis\u00a0y\u00a0Retos\u00a0en\u00a0la\u00a0Familia\u00a0y\u00a0Pareja,\u00a02<\/em>(1),\u00a039-43. <a href=\"https:\/\/doi.org\/10.22402\/j.redes.unam.2.1.2020.288.39-43\">https:\/\/doi.org\/10.22402\/j.redes.unam.2.1.2020.288.39-43<\/a>\u00a0\u00a0\u00a0\u00a0\u00a0\u00a0\u00a0\u00a0\u00a0\u00a0\u00a0\u00a0\u00a0\u00a0\u00a0\u00a0\u00a0\u00a0\u00a0\u00a0\u00a0\u00a0\u00a0\u00a0\u00a0\u00a0\u00a0<\/p>\n\n\n<hr>\n<p style=\"padding-left: 40px;\"><strong>RESUMEN<\/strong><\/p>\n<p style=\"padding-left: 40px;\">En&nbsp;los&nbsp;\u00faltimos&nbsp;a\u00f1os&nbsp;se&nbsp;ha&nbsp;escrito&nbsp;mucho&nbsp;en&nbsp;torno&nbsp;a&nbsp;las&nbsp;mujeres&nbsp;v\u00edctimas&nbsp;de&nbsp;la&nbsp;violencia&nbsp;de&nbsp;g\u00e9nero,&nbsp;pero&nbsp;muy&nbsp;poco&nbsp;respecto&nbsp;a&nbsp;los&nbsp;hombres que&nbsp;sufren&nbsp;a&nbsp;manos&nbsp;de&nbsp;ellas. Al&nbsp;atentar&nbsp;en&nbsp;contra&nbsp;de&nbsp;los&nbsp;estereotipos&nbsp;tradicionales,&nbsp;los&nbsp;hombres&nbsp;han&nbsp;sido&nbsp;silenciados&nbsp;por&nbsp;una&nbsp;sociedad&nbsp;que&nbsp;no&nbsp;los&nbsp;escucha&nbsp;y&nbsp;menos&nbsp;los&nbsp;protege,&nbsp;convirtiendo&nbsp;su&nbsp;victimizaci\u00f3n&nbsp;en&nbsp;un&nbsp;fen\u00f3meno&nbsp;subvalorado&nbsp;como&nbsp;resultado&nbsp;de&nbsp;las&nbsp;pocas&nbsp;denuncias&nbsp;y de&nbsp;la&nbsp;escasa&nbsp;atenci\u00f3n&nbsp;que&nbsp;reciben,&nbsp;impidi\u00e9ndoles&nbsp; alzar&nbsp;la&nbsp;voz&nbsp;y&nbsp;ser&nbsp;reconocidos&nbsp;como&nbsp;v\u00edctimas&nbsp;de&nbsp;la&nbsp;violencia&nbsp;de&nbsp;g\u00e9nero.&nbsp;Con&nbsp;ello,&nbsp;el&nbsp;camino&nbsp;a&nbsp;las&nbsp;relaciones&nbsp;igualitarias&nbsp;y&nbsp;equitativas&nbsp;se&nbsp;ha&nbsp;visto&nbsp;obstaculizado,&nbsp;por&nbsp;lo&nbsp;que&nbsp;es&nbsp;necesario&nbsp;abrirles&nbsp;espacio&nbsp;en&nbsp;un&nbsp;mundo&nbsp;que&nbsp;insiste&nbsp;en&nbsp;ubicarlos&nbsp;como&nbsp;eternos&nbsp;verdugos.&nbsp;Esto&nbsp;nos&nbsp;permitir\u00e1&nbsp;generar&nbsp;mayor&nbsp;investigaci\u00f3n&nbsp;orientada&nbsp;al&nbsp;ejercicio&nbsp;de&nbsp;sus&nbsp;derechos.<\/p>\n<p style=\"padding-left: 40px;\"><em>Palabras clave:<\/em> Violencia dom\u00e9stica, varones maltratados, mujeres que violentan.<\/p>\n<hr>\n\n\n<blockquote class=\"wp-block-quote\"><p><em>\u201c\u2026la sociedad no tiene derecho a discriminar a una v\u00edctima de<\/em> <em>violencia dom\u00e9stica debido a su g\u00e9nero\u201d <\/em><\/p><cite><em>(www.batteredmen.com)<\/em><\/cite><\/blockquote>\n\n\n\n<p><strong>\u00bfMujeres violentando hombres?<\/strong>&nbsp;&nbsp;&nbsp;&nbsp;&nbsp;&nbsp;&nbsp;<\/p>\n\n\n\n<p>La&nbsp;violencia&nbsp;no&nbsp;es&nbsp;un&nbsp;fen\u00f3meno&nbsp;actual,&nbsp;pero&nbsp;est\u00e1&nbsp;cada&nbsp;vez&nbsp;m\u00e1s&nbsp;presente&nbsp;en&nbsp;nuestras&nbsp;vidas.&nbsp;Cuando&nbsp;ocurre&nbsp;dentro&nbsp;del&nbsp;hogar&nbsp;el&nbsp;impacto&nbsp;parece&nbsp;ser&nbsp; mayor, constituyendo&nbsp;un&nbsp;serio&nbsp; problema&nbsp;de&nbsp;salud&nbsp;p\u00fablica &nbsp;en&nbsp;M\u00e9xico &nbsp;y&nbsp;en &nbsp;muchos&nbsp;pa\u00edses&nbsp;m\u00e1s.<\/p>\n\n\n\n<p>Todos&nbsp;lamentamos&nbsp;los&nbsp;estragos&nbsp;que&nbsp;ocasiona&nbsp;la&nbsp;violencia&nbsp;en&nbsp;contra&nbsp;de&nbsp;las&nbsp;mujeres.&nbsp;Sin&nbsp;embargo,&nbsp;poco&nbsp;se&nbsp;habla&nbsp;de&nbsp;otras&nbsp;posibilidades,&nbsp;como&nbsp;los&nbsp;combates&nbsp;mutuos&nbsp;de&nbsp;muchas&nbsp;parejas,&nbsp;o&nbsp;las&nbsp;violencias&nbsp;que de&nbsp;acuerdo&nbsp;a&nbsp;los&nbsp;escasos &nbsp;datos&nbsp;que&nbsp;existen,&nbsp;est\u00e1n&nbsp;ejerciendo&nbsp;algunas&nbsp;en&nbsp;contra&nbsp;de&nbsp;sus&nbsp;hombres.<\/p>\n\n\n\n<p>Diferentes&nbsp;escenarios&nbsp;como&nbsp;la&nbsp;academia,&nbsp;los&nbsp;medios&nbsp;de&nbsp;comunicaci\u00f3n,&nbsp;las&nbsp;pol\u00edticas&nbsp;p\u00fablicas&nbsp;y&nbsp;la&nbsp;sociedad&nbsp;en&nbsp;general&nbsp;se&nbsp;resisten&nbsp;a&nbsp;aceptar&nbsp;que&nbsp;la&nbsp;violencia&nbsp;mutua&nbsp;y&nbsp;el&nbsp;sometimiento&nbsp;de&nbsp;muchos&nbsp;hombres a&nbsp;manos&nbsp;de&nbsp;sus&nbsp; compa\u00f1eras&nbsp;ocurren&nbsp;cada&nbsp;vez&nbsp;m\u00e1s.&nbsp;Parece&nbsp;incorrecto&nbsp;mencionarlo&nbsp;siquiera,&nbsp;como&nbsp;si&nbsp;fuera&nbsp;algo&nbsp;irrelevante&nbsp;o&nbsp;inapropiado.&nbsp;Sin&nbsp;embargo,&nbsp;es&nbsp;necesario&nbsp;prestarles&nbsp;toda&nbsp;nuestra&nbsp;atenci\u00f3n&nbsp;y&nbsp;no&nbsp;asumir&nbsp;que&nbsp;las&nbsp;v\u00edctimas&nbsp;siempre&nbsp;son&nbsp;mujeres&nbsp;y&nbsp;los&nbsp;verdugos&nbsp;varones,&nbsp;lo&nbsp;que&nbsp;posibilitar\u00eda&nbsp;rebasar&nbsp;estos&nbsp;estereotipos&nbsp;ytrabajar&nbsp;en&nbsp;contra de&nbsp;la&nbsp;violencia,&nbsp;provenga&nbsp;de&nbsp;quien &nbsp;provenga.&nbsp; Dada&nbsp;su&nbsp;importancia,&nbsp;nos&nbsp;asomaremos&nbsp;a&nbsp;este&nbsp;tema&nbsp;para&nbsp;brindar&nbsp;informaci\u00f3n&nbsp;que&nbsp;ayude&nbsp;a&nbsp;su&nbsp;reflexi\u00f3n.<\/p>\n\n\n\n<p>En&nbsp;este&nbsp;siglo&nbsp;XXI&nbsp;presenciamos&nbsp;una&nbsp;serie&nbsp;de&nbsp;cambios&nbsp;a&nbsp;muchos&nbsp;niveles, entre&nbsp;ellos,las&nbsp;maneras&nbsp;como&nbsp;nos&nbsp;relacionamos&nbsp;con&nbsp;los&nbsp;dem\u00e1s.&nbsp;As\u00ed,&nbsp;los&nbsp;estereotipos&nbsp;de&nbsp;g\u00e9nero&nbsp;tradicional&nbsp;se&nbsp;desdibujan,&nbsp;se&nbsp;diversifican,&nbsp;y&nbsp;las&nbsp;relaciones&nbsp;que&nbsp;establecemos&nbsp;se&nbsp;reinventan. Hombres y&nbsp;mujeres&nbsp;estamos &nbsp;viviendo&nbsp; procesos&nbsp;de&nbsp;transici\u00f3n&nbsp;en&nbsp;lo&nbsp;econ\u00f3mico,&nbsp;lo&nbsp;pol\u00edtico,&nbsp;lo&nbsp;social&nbsp;y&nbsp;lo&nbsp;personal.<\/p>\n\n\n\n<p>En&nbsp;este&nbsp;contexto, las&nbsp;mujeres&nbsp;han&nbsp;conquistado&nbsp;espacios&nbsp; que&nbsp;eran&nbsp; exclusivos&nbsp;de&nbsp;los&nbsp;varones,&nbsp;mientras&nbsp;ellos&nbsp;tambi\u00e9n&nbsp;desarrollan&nbsp;roles  antes impensables. De&nbsp;modo&nbsp;que las&nbsp;vemos&nbsp;insert\u00e1ndose&nbsp;con&nbsp;\u00e9xito&nbsp; en&nbsp;los&nbsp; \u00e1mbitos&nbsp;educativos&nbsp;y&nbsp;laborales&nbsp;como&nbsp;importantes&nbsp;agentes&nbsp;de&nbsp;cambio. Y a los&nbsp;hombres&nbsp;participando&nbsp; activamente&nbsp;en&nbsp;la&nbsp;crianza&nbsp;de&nbsp;los&nbsp;hijos &nbsp;y&nbsp;en&nbsp; las&nbsp; labores&nbsp;del&nbsp;hogar.&nbsp;Sin&nbsp;embargo,&nbsp;a\u00fan&nbsp;estamos&nbsp;lejos&nbsp;de&nbsp;conseguir&nbsp;las&nbsp;anheladas&nbsp;relaciones&nbsp;de&nbsp;igualdad&nbsp;y&nbsp;equidad,&nbsp;pues&nbsp;no&nbsp;todas&nbsp;las&nbsp;transformaciones&nbsp;est\u00e1n&nbsp;logrando&nbsp;desmantelar&nbsp;el&nbsp;ejercicio&nbsp;y&nbsp;abuso&nbsp;del&nbsp;poder&nbsp;de&nbsp;uno&nbsp;sobre&nbsp;el&nbsp;otro. <\/p>\n\n\n\n<p>uchas&nbsp;investigaciones&nbsp;est\u00e1n&nbsp;mostrando&nbsp;que&nbsp;existen&nbsp;mujeres&nbsp;que se&nbsp; relacionan&nbsp;de&nbsp;maneras&nbsp;diferentes&nbsp;a las&nbsp;tradicionales&nbsp;con&nbsp;sus compa\u00f1eros &nbsp;varones,&nbsp;incluyendo&nbsp;su&nbsp;incremento&nbsp;de&nbsp;conductas&nbsp;violentas.&nbsp;Por&nbsp;lo&nbsp;que&nbsp;observamos&nbsp;a&nbsp;cada&nbsp;vez&nbsp;m\u00e1s&nbsp;parejas&nbsp;caracterizadas&nbsp;por&nbsp;la&nbsp;violencia&nbsp;cruzada,&nbsp;y&nbsp;tambi\u00e9n&nbsp;a&nbsp;m\u00e1s&nbsp;varones&nbsp;que&nbsp;sufren&nbsp;en&nbsp;silencio&nbsp;los&nbsp;ataques&nbsp;de&nbsp;sus&nbsp;mujeres,&nbsp;debiendo&nbsp;enfrentar&nbsp;adicionalmente&nbsp;la&nbsp;incredulidad&nbsp;social&nbsp;(Trujano,&nbsp;2008),&nbsp;y&nbsp;la&nbsp;resistencia&nbsp;de&nbsp;algunos&nbsp;grupos&nbsp;feministas&nbsp;que&nbsp;menosprecian&nbsp;su&nbsp;dolor&nbsp;con&nbsp;argumentos&nbsp;como&nbsp;que&nbsp;\u201cson&nbsp;unos&nbsp;cuantos\u201d,&nbsp;o&nbsp;\u201cse&nbsp;merecen&nbsp;lo&nbsp;que&nbsp;les&nbsp;ocurre\u201d,&nbsp;o&nbsp;\u201cno&nbsp;puede&nbsp;compararse\u201d.&nbsp;Quiz\u00e1s&nbsp;por&nbsp;esto&nbsp;suele&nbsp;investigarse&nbsp;la&nbsp;violencia&nbsp;que&nbsp;sufren&nbsp;las&nbsp;mujeres,&nbsp;pero&nbsp;a&nbsp;ellos&nbsp;raramente&nbsp;les&nbsp;preguntan.<\/p>\n\n\n\n<p>Como&nbsp;resultado, la&nbsp;violencia&nbsp;hacia&nbsp;los&nbsp;hombres se&nbsp;invisibiliza&nbsp;dificultando &nbsp;su&nbsp;reconocimiento&nbsp;(Rojas-&nbsp;Andrade,&nbsp;Galleguillos,&nbsp;Miranda&nbsp;&amp;&nbsp;Valencia,&nbsp;2013.&nbsp;Es&nbsp;por&nbsp;ello&nbsp;que&nbsp;negar,&nbsp;menospreciar&nbsp;o&nbsp;silenciar&nbsp;que&nbsp;pueden&nbsp;ser&nbsp;v\u00edctimas&nbsp;de&nbsp;las&nbsp;mujeres&nbsp;por&nbsp;el&nbsp;hecho&nbsp;de&nbsp;ser&nbsp;varones,&nbsp;es&nbsp;tambi\u00e9n&nbsp;violencia&nbsp;de&nbsp;g\u00e9nero.<\/p>\n\n\n\n<p>Y&nbsp;es&nbsp;que&nbsp;ahora&nbsp;sabemos&nbsp;que&nbsp;muchos&nbsp;de&nbsp;estos&nbsp;hombres&nbsp;raramente&nbsp;denuncian,&nbsp;conformando&nbsp;una&nbsp;gran&nbsp;cifra&nbsp;oculta&nbsp;(Fontena&nbsp;&amp;&nbsp;Gatica,&nbsp;s.f.),&nbsp;debido&nbsp;&nbsp;a&nbsp;&nbsp;que&nbsp;&nbsp;ellos&nbsp;&nbsp;tienen&nbsp;&nbsp;que&nbsp;&nbsp;romper&nbsp;&nbsp;el estereotipo&nbsp;de \u201cmachos\u201d&nbsp; dominantes&nbsp;de&nbsp;una &nbsp;\u201csociedad&nbsp;patriarcal\u201d que&nbsp;insiste&nbsp;en&nbsp;ubicarlos&nbsp;como&nbsp;los&nbsp;fuertes&nbsp;y&nbsp; dominantes &nbsp;(y&nbsp;a&nbsp;ellas&nbsp;como&nbsp;d\u00e9biles&nbsp;y&nbsp;sumisas),&nbsp;en&nbsp;otras&nbsp;palabras,&nbsp; una v\u00edctima&nbsp;var\u00f3n&nbsp;se&nbsp;considera&nbsp;\u201cd\u00e9bil\u201d, \u201cpoco&nbsp;hombre\u201d o \u201cmandil\u00f3n\u201d,&nbsp; por &nbsp;lo que&nbsp;prefieren&nbsp;callar.&nbsp;Esto&nbsp;hace&nbsp;que&nbsp;hablar&nbsp;de&nbsp;varones&nbsp;maltratados&nbsp;por&nbsp;sus&nbsp;mujeres&nbsp;sea&nbsp;tan&nbsp;dif\u00edcil&nbsp;de&nbsp;creer&nbsp;(D\u00edaz,&nbsp;Garc\u00eda&nbsp;Cardona&nbsp;&amp;&nbsp;Barbosa,&nbsp;2020).<\/p>\n\n\n\n<p>De&nbsp;hecho,la&nbsp;percepci\u00f3n&nbsp;social&nbsp;es&nbsp;que&nbsp;ellas&nbsp;son&nbsp;menos&nbsp;culpables&nbsp;y&nbsp;menos&nbsp;peligrosas&nbsp;respecto&nbsp;a&nbsp;cometer&nbsp;actos&nbsp;de&nbsp;violencia,&nbsp;con&nbsp;todas&nbsp;&nbsp;las&nbsp;implicaciones&nbsp;sociales&nbsp;y&nbsp;legales&nbsp;que&nbsp;esto&nbsp;ocasiona.&nbsp;Tambi\u00e9n&nbsp;se&nbsp;piensa&nbsp;(exactamente&nbsp;al&nbsp;contrario&nbsp;que&nbsp;con&nbsp;los&nbsp;hombres),&nbsp;que&nbsp;si&nbsp;atacan&nbsp;es&nbsp;como&nbsp;respuesta&nbsp;a&nbsp;presiones&nbsp;externas,&nbsp;pero&nbsp;no&nbsp;por&nbsp;voluntad&nbsp;propia.&nbsp;En&nbsp;este&nbsp;sentido, vale la&nbsp;pena &nbsp;mencionar &nbsp;que&nbsp;tambi\u00e9n&nbsp;se&nbsp;han&nbsp;observado&nbsp;hombres que&nbsp;disculpan&nbsp;la&nbsp;violencia&nbsp; de&nbsp;sus &nbsp;mujeres.&nbsp;Por&nbsp;ejemplo,&nbsp;Entilli&nbsp;y&nbsp;Cipolletta&nbsp;(2017),&nbsp;entrevistaron&nbsp;a&nbsp;italianos&nbsp;que&nbsp;hab\u00edan&nbsp;sido&nbsp;maltratados&nbsp;por&nbsp;sus&nbsp;compa\u00f1eras.&nbsp;Sin&nbsp;embargo,&nbsp;ten\u00edan&nbsp;una&nbsp;actitud&nbsp;protectora&nbsp;hacia&nbsp;ellas,&nbsp;atribuyendo&nbsp;su&nbsp;violencia&nbsp;ala&nbsp;fragilidad&nbsp;(emocional)&nbsp;femenina.&nbsp;Justificar&nbsp;la&nbsp;violencia&nbsp;de&nbsp;la&nbsp;pareja&nbsp;es&nbsp;un&nbsp;comportamiento&nbsp;frecuente&nbsp;en&nbsp;v\u00edctimas&nbsp;de&nbsp;violencia,&nbsp;y&nbsp;es&nbsp;com\u00fan&nbsp;exculpar&nbsp;al\/la&nbsp;atacante&nbsp;con&nbsp;argumentos&nbsp;como&nbsp;\u201cyo&nbsp;lo\/la&nbsp;provoqu\u00e9\u201d&nbsp;o&nbsp;\u201ces&nbsp;mi&nbsp;culpa,&nbsp;es&nbsp;que&nbsp;no&nbsp;puede&nbsp;controlarse\u201d.&nbsp;Lo&nbsp;que&nbsp;puede&nbsp;estar&nbsp;relacionado&nbsp;con la&nbsp;necesidad&nbsp;de&nbsp;mantener&nbsp;a la&nbsp;pareja&nbsp;unida,&nbsp;sobre&nbsp;todo&nbsp;si&nbsp;hay&nbsp;hijos&nbsp;de&nbsp;por&nbsp;medio.<\/p>\n\n\n\n<p><strong>&nbsp;\u00bfQu\u00e9&nbsp;violencias&nbsp;ejercen?<\/strong><\/p>\n\n\n\n<p>La&nbsp;violencia&nbsp;de&nbsp;pareja&nbsp;est\u00e1&nbsp;asociada&nbsp;a&nbsp;m\u00faltiples&nbsp;factores,&nbsp;que&nbsp;pueden&nbsp;incluir&nbsp;la&nbsp;ausencia&nbsp;de&nbsp;redes&nbsp;de&nbsp;apoyo&nbsp;social,&nbsp;la&nbsp;diferencia&nbsp;de&nbsp;edades,&nbsp;las&nbsp;experiencias&nbsp;infantiles&nbsp;y&nbsp;el&nbsp;abuso&nbsp;de&nbsp;sustancias&nbsp;como&nbsp;alcohol y&nbsp;drogas,&nbsp; adem\u00e1s &nbsp;de &nbsp;caracter\u00edsticas&nbsp;de&nbsp;personalidad, entre&nbsp;otros,&nbsp;destacando&nbsp;el&nbsp;abuso &nbsp;del&nbsp;poder &nbsp;(econ\u00f3mico,&nbsp;social,&nbsp;sexual,&nbsp;etc\u00e9tera).<\/p>\n\n\n\n<p>Al&nbsp;parecer,&nbsp;cuando&nbsp;la&nbsp;mujer&nbsp;es&nbsp;la&nbsp;violenta&nbsp;se&nbsp;sigu&nbsp;los&nbsp;mismos&nbsp;patrones&nbsp;en&nbsp;t\u00e9rminos&nbsp;de&nbsp;contexto&nbsp;consecuencias,&nbsp;abarcando&nbsp;todas&nbsp;las&nbsp;modalidades&nbsp;d&nbsp;la&nbsp;violencia, lo que&nbsp;apunta&nbsp;a que&nbsp;ellas&nbsp;pueden&nbsp;s&nbsp;igual&nbsp;o&nbsp;m\u00e1s &nbsp;violentas&nbsp; que&nbsp;los &nbsp;hombres.&nbsp;Sorprend&nbsp;algunos&nbsp;estudios&nbsp;que&nbsp;al&nbsp;preguntar&nbsp;a&nbsp;las&nbsp;mujeres&nbsp;l&nbsp;causas&nbsp;de&nbsp;su&nbsp;comportamiento&nbsp;han&nbsp;obtenido&nbsp;p&nbsp;respuesta&nbsp;\u201ces&nbsp;que&nbsp;no&nbsp;me&nbsp;estaba&nbsp;escuchando\u201d&nbsp;o&nbsp;\u201c me&nbsp;prestaba&nbsp;atenci\u00f3n\u201d.&nbsp;O&nbsp;han&nbsp;dicho&nbsp;que&nbsp;estaban&nbsp;seguras&nbsp;de que no&nbsp;sufrir\u00edan&nbsp;ungran&nbsp;da\u00f1o&nbsp;por&nbsp;el&nbsp;hecho&nbsp;de&nbsp;ser&nbsp;varones.&nbsp; Tambi\u00e9n&nbsp; se &nbsp;han&nbsp;encontrado&nbsp;entre&nbsp;sus&nbsp;principales&nbsp;motivaciones&nbsp;la&nbsp;intolerancia,&nbsp;los&nbsp;celos&nbsp;y&nbsp;el&nbsp;abuso&nbsp;del&nbsp;control&nbsp;y&nbsp;poder&nbsp;sobre&nbsp;ellos&nbsp;(Floyd,&nbsp;Loaiza,&nbsp;Sierra,&nbsp;L\u00f3pez&nbsp;&amp;&nbsp;Ricaurte,&nbsp;2016).<\/p>\n\n\n\n<p>As\u00ed,&nbsp;cada&nbsp;vez&nbsp;m\u00e1s&nbsp;mujeres&nbsp;se&nbsp;burlan&nbsp;y&nbsp;humillan&nbsp;a&nbsp;sus&nbsp;c\u00f3nyuges&nbsp;o&nbsp;exc\u00f3nyuges,le&nbsp;retienen&nbsp;el&nbsp;dinero,&nbsp;lo&nbsp;chantajean&nbsp;con&nbsp;suicidarse&nbsp;o&nbsp;con&nbsp;falsas&nbsp;denuncias&nbsp;de&nbsp;abuso&nbsp;sexual&nbsp;hacia&nbsp;sus&nbsp;hijos&nbsp;(con&nbsp;lo&nbsp;cual&nbsp;deben&nbsp;irse&nbsp;de&nbsp;casa&nbsp;y&nbsp;mantenerse&nbsp;lejos&nbsp;de&nbsp;ellos).&nbsp;O&nbsp;en&nbsp;medio&nbsp;de_la&nbsp;situaci\u00f3n&nbsp;de&nbsp;crisis&nbsp;pueden&nbsp;amenazarlos&nbsp;con&nbsp;gritar&nbsp;pidiendo&nbsp;ayuda,&nbsp;seguras&nbsp;de&nbsp;que&nbsp;la&nbsp;comunidad&nbsp;y&nbsp;la&nbsp;polic\u00eda&nbsp;les&nbsp;creer\u00e1&nbsp;a&nbsp;ellas.&nbsp;La&nbsp;violencia&nbsp;puede&nbsp;escalar&nbsp;desde&nbsp;&nbsp;los&nbsp;insultos&nbsp;y&nbsp;&nbsp;humillaciones&nbsp;hasta&nbsp;las&nbsp;bofetadas,&nbsp;patadas,&nbsp;mordidas&nbsp;y&nbsp;rasgu\u00f1os&nbsp;o el&nbsp;asesinato&nbsp;(Vargas et al, 2018). &nbsp;Es&nbsp;decir,_que&nbsp;en&nbsp;contra&nbsp;del&nbsp;mito&nbsp;de&nbsp;que&nbsp;las&nbsp;mujeres&nbsp;solo&nbsp;atacan&nbsp;en&nbsp;defensa&nbsp;propia&nbsp;o solo&nbsp;violentan&nbsp;psicol\u00f3gicamente,&nbsp;en&nbsp;realidad&nbsp;ellos&nbsp; pueden&nbsp;ser &nbsp;v\u00edctimas&nbsp;de&nbsp;violencia&nbsp;f\u00edsica&nbsp;(Floyd, et al<em>,&nbsp;<\/em>2016),&nbsp;emocional&nbsp;(D\u00edaz, et&nbsp;al,&nbsp;2020), &nbsp;financiera&nbsp;  e&nbsp;incluso&nbsp;sexual&nbsp;(Mart\u00ednez,&nbsp;2014).&nbsp; De&nbsp;hecho,&nbsp;Fiebert&nbsp;(2010),&nbsp;concluy\u00f3&nbsp;que_las&nbsp;mujeres&nbsp;son&nbsp;significativamente&nbsp;m\u00e1s&nbsp;propensas&nbsp;que los&nbsp;hombres&nbsp;a&nbsp;expresar violencia, y que &nbsp;tienen &nbsp;tres &nbsp;veces &nbsp;m\u00e1s probabilidades&nbsp;que un hombre de&nbsp;usar&nbsp;un&nbsp;arma&nbsp;en&nbsp;el&nbsp;curso&nbsp;de un&nbsp;conflicto&nbsp;conyugal.<\/p>\n\n\n\n<p>Es&nbsp;decir,&nbsp;debemos&nbsp;reconocer&nbsp;que&nbsp;cualquier&nbsp;persona&nbsp;en&nbsp;un&nbsp;momento&nbsp;dado&nbsp;puede&nbsp;recibir&nbsp;u&nbsp;ocasionar&nbsp;violencia&nbsp;hacia&nbsp;su&nbsp;pareja,&nbsp;independientemente&nbsp;de&nbsp;su&nbsp;g\u00e9nero.<\/p>\n\n\n\n<p><strong>\u00bfQu\u00e9 consecuencias pueden sufrir?<\/strong><\/p>\n\n\n\n<p>Como&nbsp;cualquier&nbsp;v\u00edctima&nbsp;de&nbsp;violencia&nbsp;de&nbsp;pareja,&nbsp;los&nbsp;hombres&nbsp;pueden&nbsp;desarrollar&nbsp;graves&nbsp;alteraciones&nbsp;f\u00edsicas&nbsp;y&nbsp;psicol\u00f3gicas.&nbsp;Entre&nbsp;las&nbsp;primeras,&nbsp;adem\u00e1s&nbsp;de&nbsp;las&nbsp;lesiones&nbsp;se&nbsp;incluyen&nbsp;padecimientos&nbsp;como&nbsp;hipertensi\u00f3n,&nbsp;cefaleas,&nbsp;palpitaciones,&nbsp;alteraciones&nbsp;gastrointestinales,&nbsp;dependencia&nbsp;a&nbsp;medicamentos,&nbsp;y&nbsp;alteraciones&nbsp;del&nbsp;sue\u00f1o&nbsp;y&nbsp;apetito,entre&nbsp;otros.&nbsp;Respecto&nbsp;al&nbsp;da\u00f1o&nbsp;psicol\u00f3gico&nbsp;se&nbsp;ha&nbsp;observado&nbsp;estr\u00e9s&nbsp;postraum\u00e1tico,&nbsp;ideaci\u00f3n&nbsp;suicida,&nbsp;cuadros&nbsp;de&nbsp;ansiedad&nbsp;y&nbsp;depresi\u00f3n,&nbsp;sentimientos&nbsp;de culpa,&nbsp;inseguridad&nbsp;y&nbsp;miedo,&nbsp;baja&nbsp;autoestima, &nbsp;impotencia,&nbsp;aplanamiento&nbsp;afectivo,&nbsp;desorientaci\u00f3n,&nbsp;etc\u00e9tera,&nbsp;agudizados&nbsp;por&nbsp;la&nbsp;incredulidad&nbsp;y&nbsp;la&nbsp;negaci\u00f3n&nbsp;de&nbsp;que&nbsp;son&nbsp;objeto&nbsp;(Trujano,&nbsp;et&nbsp;al,&nbsp;2013).&nbsp;Con&nbsp;el&nbsp;agravante&nbsp;de&nbsp;que&nbsp;en&nbsp;general&nbsp;no&nbsp;existen&nbsp;apoyos&nbsp;como&nbsp;centros&nbsp;de&nbsp;atenci\u00f3n&nbsp;y&nbsp;denuncia&nbsp;para&nbsp;varones&nbsp;maltratados&nbsp;o&nbsp;son&nbsp;muy&nbsp;escasos, lo  que &nbsp;los &nbsp;hace &nbsp;todav\u00eda &nbsp;m\u00e1s &nbsp;vulnerables.&nbsp; Igual&nbsp;que&nbsp;como&nbsp;sucede&nbsp;con las&nbsp;mujeres, las&nbsp;consecuencias&nbsp;de  la &nbsp;victimizaci\u00f3n &nbsp;pueden &nbsp;resolverse &nbsp;en&nbsp;el &nbsp;corto &nbsp;o mediano&nbsp;plazo, &nbsp;pero&nbsp; quiz\u00e1s&nbsp;permanezcan &nbsp;durante &nbsp;muchos &nbsp;a\u00f1os&nbsp;o toda&nbsp;la&nbsp;vida.&nbsp;De&nbsp;ah\u00ed&nbsp;la&nbsp;importancia&nbsp;de&nbsp;trabajar&nbsp;este&nbsp;tema&nbsp;otorg\u00e1ndole&nbsp;la&nbsp;credibilidad&nbsp;y el&nbsp;trato&nbsp;respetuoso&nbsp;que&nbsp;toda&nbsp;v\u00edctima&nbsp;de&nbsp;violencia&nbsp;merece.<\/p>\n\n\n\n<p><strong>CONCLUSIONES<\/strong><\/p>\n\n\n\n<p>La violencia siempre es injusta para todos, por eso urge\nmayor investigaci\u00f3n sobre las escaladas de algunas mujeres en contra de los\nhombres. Aceptar que ocurre es el primer paso, pues negarlo solo perpet\u00faa su\nsilencio y su sufrimiento. Debemos reconocer que lo que no se nombra es como si\nno existiera, as\u00ed que alcemos la voz por y para todas las v\u00edctimas, independientemente\nde su g\u00e9nero. Se supone que las mujeres luch\u00e1bamos para erradicar la violencia y\npara construir caminos de igualdad y equidad, no para invertir a los\nprotagonistas. <\/p>\n\n\n\n<p>Una postura m\u00e1s incluyente nos permitir\u00eda desarrollar programas integrales en contra de la violencia y en apoyo a las v\u00edctimas, sean estas mujeres, varones, ind\u00edgenas, ancianos, o comunidad LGBTTTIQ. Dejemos ya las falsas creencias y los estereotipos como considerar a los hombres los culpables de todos los males y a las mujeres las eternas v\u00edctimas. Hablar de g\u00e9nero comprende analizar las relaciones entre hombres y mujeres, por lo tanto, resulta imprescindible involucrar a ambos para detectar los patrones, los desencadenantes, las zonas de riesgo y las posibilidades de prevenci\u00f3n e intervenci\u00f3n, pero unidos en la construcci\u00f3n de una sociedad m\u00e1s justa para todos.<\/p>\n\n\n<p><strong>REFERENCIAS<\/strong><\/p>\n<p>D\u00edaz, K., Garc\u00eda-Cardona, V. y Barbosa, SH (2020). Violencia conyugal y dependencia afectiva: un estudio cualitativo en poblaci\u00f3n masculina. <em>Cuadernos Hispanoamericanos de Psicolog\u00eda,<\/em> <em>18<\/em>(1), 19-31. Doi: 10.18270\/chps..v18i1.2854.<\/p>\n<p>Entilli, L. y Cipolletta, S. (2017). Cuando la mujer se pone violenta: la construcci\u00f3n de la experiencia de abuso dom\u00e9stico desde la perspectiva de los hombres heterosexuales<em>. <\/em><em>Journal of Clinical Nursing<\/em>, 26, (15-16), 2328-2341. Doi: 10.1111\/jocn.13500 &nbsp;&nbsp;&nbsp;&nbsp;&nbsp;&nbsp;&nbsp;<\/p>\n<p>Fiebert, M. (2010). References examining assaults by women on their spouses or partners: an annotated bibliography. <em>Sexuality and Culture, 14<\/em>(1), 4991.<\/p>\n<p>Floyd,&nbsp; D., Loaiza, S., Sierra, M., L\u00f3pez, J. D. y Ricaurte, A. (2016) Violencia de pareja contra el hombre en Cali, Colombia. <em>Colombia Forense<\/em>, <em>3<\/em>(2), 33-40.&nbsp; <a href=\"https:\/\/revistas.ucc.edu.co\/index.php\/ml\/article\/view\/1700\">https:\/\/revistas.ucc.edu.co\/index.php\/ml\/article\/view\/1700<\/a><\/p>\n<p>Fontena, C. y Gatica, A. (s.f.)<em>. La violencia dom\u00e9stica hacia el var\u00f3n: factores que inciden en el hombre agredido para no denunciar a su pareja<\/em>. <a href=\"http:\/\/www.ubiobio.cl\/cps\/ponencia\/doc\/p10.4.htm\">www.ubiobio.cl\/cps\/ponencia\/doc\/p10.4.htm<\/a><\/p>\n<p>Mart\u00ednez, AM. (2014). Violencia sexual vivida por varones en el Estado de Guerrero, M\u00e9xico<em>. Revista de Psicolog\u00eda y Ciencias del Comportamiento<\/em>, <em>5<\/em>(1), 8-23.<\/p>\n<p>Rojas-Andrade, R., Galleguillos, G., Miranda, P. y Valencia, J. (2013). Los hombres tambi\u00e9n sufren. Estudio cualitativo de la violencia de la mujer hacia el hombre en el contexto de pareja. <em>Revista Vanguardia Psicol\u00f3gica Cl\u00ednica Te\u00f3rica y Pr\u00e1ctica, 3<\/em>(2), 150-159. <a href=\"https:\/\/dialnet.unirioja.es\/serv-let\/articulo?codigo=4815152\">https:\/\/dialnet.unirioja.es\/serv-let\/articulo?codigo=4815152<\/a><\/p>\n<p>Trujano, P. (2008). Varones maltratados por sus mujeres. La otra cara de la violencia dom\u00e9stica. En: BI. Vargas, JL. Pozos y S. L\u00f3pez. (Coords.) <em>Violencia Dom\u00e9stica \u00bfv\u00edctimas o victimarios?<\/em> (pp. 45-79). UNAM-Porr\u00faa.<\/p>\n<p>Trujano, P., S\u00e1nchez, A. y Yoseff, P. (2013). Violencia bidireccional y varones maltratados. Estudio en una muestra mexicana. <em>Revista Latinoamericana de Medicina Conductual, 3<\/em>(2<em>), <\/em>85-91.<\/p>\n<p>Vargas, N., Morales, L., Ardila, E., Parra, L., Beltr\u00e1n, B., Amaya, C., Barrera, A., Romero, T. y Quevedo, X. (2018). Caracterizaci\u00f3n de mujeres que cometieron homicidio contra su pareja o expareja. En: B. Avenda\u00f1o, N. Ayala, S. Camelo, L. Delgado, J. Moreno, V. S\u00e1nchez y N. Vargas (Eds.). <em>Investigaci\u00f3n en Psicolog\u00eda. Aplicaciones e Intervenciones,<\/em> (pp.135-150). Universidad Cat\u00f3lica de Colombia.<\/p>\n\n\n<blockquote class=\"wp-block-quote\"><p><em>Las opiniones expresadas por los autores no necesariamente reflejan la postura del editor de la publicaci\u00f3n. Esta revista es una publicaci\u00f3n semestral en espa\u00f1ol, arbitrada, de acceso abierto y licenciamiento&nbsp;Creative Commons; puede ser reproducida con fines no lucrativos, siempre y cuando se cite la fuente completa y su direcci\u00f3n electr\u00f3nica. De otra forma requiere permiso previo por escrito.<\/em><\/p><\/blockquote>\n","protected":false},"excerpt":{"rendered":"<div class=\"mh-excerpt\"><p>Dra. Patricia Trujano Ru\u00edz Carrera de Psicolog\u00eda y Divisi\u00f3n de Investigaci\u00f3n y Posgrado UNAM, Campus Iztacala. Cita&nbsp;recomendada Trujano\u00a0P.\u00a0(2020).\u00a0El\u00a0silencio\u00a0tambi\u00e9n\u00a0es\u00a0violencia\u00a0de\u00a0g\u00e9nero:\u00a0Hablemos\u00a0de\u00a0los\u00a0hombres\u00a0violentados\u00a0por\u00a0sus\u00a0mujeres.\u00a0Revista\u00a0de\u00a0Divulgaci\u00f3n\u00a0Crisis\u00a0y\u00a0Retos\u00a0en\u00a0la\u00a0Familia\u00a0y\u00a0Pareja,\u00a02(1),\u00a039-43. https:\/\/doi.org\/10.22402\/j.redes.unam.2.1.2020.288.39-43\u00a0\u00a0\u00a0\u00a0\u00a0\u00a0\u00a0\u00a0\u00a0\u00a0\u00a0\u00a0\u00a0\u00a0\u00a0\u00a0\u00a0\u00a0\u00a0\u00a0\u00a0\u00a0\u00a0\u00a0\u00a0\u00a0\u00a0 RESUMEN En&nbsp;los&nbsp;\u00faltimos&nbsp;a\u00f1os&nbsp;se&nbsp;ha&nbsp;escrito&nbsp;mucho&nbsp;en&nbsp;torno&nbsp;a&nbsp;las&nbsp;mujeres&nbsp;v\u00edctimas&nbsp;de&nbsp;la&nbsp;violencia&nbsp;de&nbsp;g\u00e9nero,&nbsp;pero&nbsp;muy&nbsp;poco&nbsp;respecto&nbsp;a&nbsp;los&nbsp;hombres que&nbsp;sufren&nbsp;a&nbsp;manos&nbsp;de&nbsp;ellas. Al&nbsp;atentar&nbsp;en&nbsp;contra&nbsp;de&nbsp;los&nbsp;estereotipos&nbsp;tradicionales,&nbsp;los&nbsp;hombres&nbsp;han&nbsp;sido&nbsp;silenciados&nbsp;por&nbsp;una&nbsp;sociedad&nbsp;que&nbsp;no&nbsp;los&nbsp;escucha&nbsp;y&nbsp;menos&nbsp;los&nbsp;protege,&nbsp;convirtiendo&nbsp;su&nbsp;victimizaci\u00f3n&nbsp;en&nbsp;un&nbsp;fen\u00f3meno&nbsp;subvalorado&nbsp;como&nbsp;resultado&nbsp;de&nbsp;las&nbsp;pocas&nbsp;denuncias&nbsp;y de&nbsp;la&nbsp;escasa&nbsp;atenci\u00f3n&nbsp;que&nbsp;reciben,&nbsp;impidi\u00e9ndoles&nbsp; alzar&nbsp;la&nbsp;voz&nbsp;y&nbsp;ser&nbsp;reconocidos&nbsp;como&nbsp;v\u00edctimas&nbsp;de&nbsp;la&nbsp;violencia&nbsp;de&nbsp;g\u00e9nero.&nbsp;Con&nbsp;ello,&nbsp;el&nbsp;camino&nbsp;a&nbsp;las&nbsp;relaciones&nbsp;igualitarias&nbsp;y&nbsp;equitativas&nbsp;se&nbsp;ha&nbsp;visto&nbsp;obstaculizado,&nbsp;por&nbsp;lo&nbsp;que&nbsp;es&nbsp;necesario&nbsp;abrirles&nbsp;espacio&nbsp;en&nbsp;un&nbsp;mundo&nbsp;que&nbsp;insiste&nbsp;en&nbsp;ubicarlos&nbsp;como&nbsp;eternos&nbsp;verdugos.&nbsp;Esto&nbsp;nos&nbsp;permitir\u00e1&nbsp;generar&nbsp;mayor&nbsp;investigaci\u00f3n&nbsp;orientada&nbsp;al&nbsp;ejercicio&nbsp;de&nbsp;sus&nbsp;derechos. <a class=\"mh-excerpt-more\" href=\"https:\/\/www.gipps.org\/revistaredes\/analisis\/el-silencio-tambien-es-violencia-de-genero-hablemos-de-los-hombres-violentados-por-sus-mujeres\/\" title=\"EL SILENCIO TAMBI\u00c9N ES VIOLENCIA DE G\u00c9NERO: HABLEMOS DE LOS HOMBRES VIOLENTADOS POR SUS MUJERES\">[&#8230;]<\/a><\/p>\n<\/div>","protected":false},"author":1,"featured_media":489,"comment_status":"closed","ping_status":"closed","sticky":false,"template":"","format":"standard","meta":[],"categories":[4],"tags":[],"_links":{"self":[{"href":"https:\/\/www.gipps.org\/revistaredes\/wp-json\/wp\/v2\/posts\/364"}],"collection":[{"href":"https:\/\/www.gipps.org\/revistaredes\/wp-json\/wp\/v2\/posts"}],"about":[{"href":"https:\/\/www.gipps.org\/revistaredes\/wp-json\/wp\/v2\/types\/post"}],"author":[{"embeddable":true,"href":"https:\/\/www.gipps.org\/revistaredes\/wp-json\/wp\/v2\/users\/1"}],"replies":[{"embeddable":true,"href":"https:\/\/www.gipps.org\/revistaredes\/wp-json\/wp\/v2\/comments?post=364"}],"version-history":[{"count":10,"href":"https:\/\/www.gipps.org\/revistaredes\/wp-json\/wp\/v2\/posts\/364\/revisions"}],"predecessor-version":[{"id":1361,"href":"https:\/\/www.gipps.org\/revistaredes\/wp-json\/wp\/v2\/posts\/364\/revisions\/1361"}],"wp:featuredmedia":[{"embeddable":true,"href":"https:\/\/www.gipps.org\/revistaredes\/wp-json\/wp\/v2\/media\/489"}],"wp:attachment":[{"href":"https:\/\/www.gipps.org\/revistaredes\/wp-json\/wp\/v2\/media?parent=364"}],"wp:term":[{"taxonomy":"category","embeddable":true,"href":"https:\/\/www.gipps.org\/revistaredes\/wp-json\/wp\/v2\/categories?post=364"},{"taxonomy":"post_tag","embeddable":true,"href":"https:\/\/www.gipps.org\/revistaredes\/wp-json\/wp\/v2\/tags?post=364"}],"curies":[{"name":"wp","href":"https:\/\/api.w.org\/{rel}","templated":true}]}}