{"id":358,"date":"2020-06-30T00:05:15","date_gmt":"2020-06-30T00:05:15","guid":{"rendered":"http:\/\/www.gipps.org\/revistaredes\/?p=358"},"modified":"2024-03-01T00:54:18","modified_gmt":"2024-03-01T00:54:18","slug":"como-influye-la-cultura-en-la-manera-en-la-que-nos-comportamospresentacion-del-numero","status":"publish","type":"post","link":"https:\/\/www.gipps.org\/revistaredes\/presentacion-numero\/como-influye-la-cultura-en-la-manera-en-la-que-nos-comportamospresentacion-del-numero\/","title":{"rendered":"\u00bfC\u00d3MO INFLUYE LA CULTURA EN LA MANERA EN LA QUE NOS COMPORTAMOS? PRESENTACI\u00d3N DEL N\u00daMERO"},"content":{"rendered":"\n<p><strong>DOI:&nbsp;<\/strong><a href=\"https:\/\/doi.org\/10.22402\/j.redes.unam.2.1.2020.313.7\">https:\/\/doi.org\/10.22402\/j.redes.unam.2.1.2020.313.7<\/a><\/p>\n\n\n\n<p>Las relaciones\nentre las personas, as\u00ed como nuestro desarrollo como individuos y como parte de\nla sociedad, &nbsp;est\u00e1n continuamente mediados\npor &nbsp;los significados que constru\u00edmos en\nlos contextos en los que estamos inmersos. Las personas y los contextos\ncoevolucionamos &nbsp;de manera interrelacional\ny nos influimos mutuamente de manera sist\u00e9mica. Es dif\u00edcil concebir a los\nindividuos como personas aisladas, ya que pertenecemos a culturas diversas que\nimprimen modos de pensar, de sentir, de actuar lo que, a su vez, repercute en\nlos valores, creencias, directrices, &nbsp;que\nvan a incidir en las modalidades en que las culturas se mantienen o se\ntransforman a lo largo del tiempo. <\/p>\n\n\n\n<p>Hay diversas\nposturas epistemol\u00f3gicas que explican c\u00f3mo&nbsp;\nlas personas y los grupos familiares y sociales, &nbsp;se construyen a s\u00ed mismos a partir de la\ninteracci\u00f3n con diferentes premisas hist\u00f3rico culturales; asociado a \u00e9stas, construimos\nrealidades, identidades que, rec\u00edprocamente, influyen en la manera en que nos\nconcebimos y c\u00f3mo nos relacionamos con los dem\u00e1s. <\/p>\n\n\n\n<p>Uno de\nnuestros intereses, al estudiar las relaciones y las formas en que podr\u00edamos\nabordar la comprensi\u00f3n del desarrollo y de la problem\u00e1tica individual y\nfamiliar, &nbsp;puede partir de profundizar el\nestudio y la comprensi\u00f3n de los significados que construimos sobre nuestro\ntrabajo como docentes, nuestra convivencia diaria en situaciones cr\u00edticas como\nla pandemia por Covid o las violencia en la pareja; se requiere de un an\u00e1lisis\nde c\u00f3mo las premisas culturales, sobre g\u00e9nero, sobre poder, sexualidad, se van\nconstruyendo a lo largo de la historia personal, laboral, familiar,\ncomunitaria, &nbsp;por lo que es fundamental\nadentrarnos reflexionar c\u00f3mo est\u00e1n ligadas a las premisas, creencias que hemos\nincorporado de la cultura a partir de la educaci\u00f3n, del cine y otras\nmanifestaciones culturales, que van a influir continuamente en nuestras\nrelaciones y en nuestra construcci\u00f3n como personas.<\/p>\n\n\n\n<p>En este\nn\u00famero sobre Cultura y Familia, presentamos diversos art\u00edculos de inter\u00e9s,\nbasados en la reflexi\u00f3n sobre las creencias, la construcci\u00f3n de significados y\nlas experiencias compartidas en nuestra cultura. <\/p>\n\n\n\n<p>Iniciamos con un art\u00edculo sobre la investigaci\u00f3n realizada por la Lic. Mar\u00eda Arantxa Elizarrar\u00e1s R\u00edos y el Dr. David Javier Enr\u00edquez Negrete, sobre los significados de la sexualidad en j\u00f3venes universitarios. Posteriormente presentamos la reflexi\u00f3n sobre la menstruaci\u00f3n en la cultura mexicana, realizada por la Lic. Diana Karina Cervantes Navarro. A continuaci\u00f3n, el art\u00edculo de las Dras. Luc\u00eda P\u00e9rez S\u00e1nchez y Marcela R\u00e1bago de \u00c1vila, presenta la investigaci\u00f3n de experiencias de docentes, en el campo escolar, con una metodolog\u00eda etnogr\u00e1fica, ante situaciones cr\u00edticas como la pandemia por el COVID 19. La Mtra. Patricia Liliana Reveles Quezada, analiza la construcci\u00f3n de la identidad en mujeres, con base en el construccionismo social y la propuesta de la Terapia Narrativa. El Mtro. Rodrigo Murgu\u00eda Rodr\u00edguez, hace un recorrido por pel\u00edculas del cine mexicano del siglo XXI, donde se presenta la reflexi\u00f3n sobre los significados, valores y din\u00e1mica relacional de nuestra nuestra cultura que est\u00e1n inmersos en modos de convivencia de las parejas y familias. El art\u00edculo de la Dra. Patricia Trujano nos invita a reflexionar sobre la violencia en las parejas, ejercida por mujeres hacia los hombres. Finalmente, se expone la entrevista que realiz\u00f3 la Mtra. Nalleli Mar\u00eda Cedillo Morales a la Dra. Tania Esmeralda Rocha S\u00e1nchez centrada en la investigaci\u00f3n de estudios de g\u00e9nero que realiza.<\/p>\n\n\n\n<div class=\"wp-block-image\"><figure class=\"aligncenter\"><img decoding=\"async\" loading=\"lazy\" width=\"206\" height=\"320\" src=\"https:\/\/www.gipps.org\/revistaredes\/wp-content\/uploads\/2020\/07\/foto-ofelia-0815-1.png\" alt=\"\" class=\"wp-image-428\" srcset=\"https:\/\/www.gipps.org\/revistaredes\/wp-content\/uploads\/2020\/07\/foto-ofelia-0815-1.png 206w, https:\/\/www.gipps.org\/revistaredes\/wp-content\/uploads\/2020\/07\/foto-ofelia-0815-1-193x300.png 193w\" sizes=\"(max-width: 206px) 100vw, 206px\" \/><figcaption><strong>Mtra. Ofelia Desatnik Miechimsky<\/strong><br><strong>Editora asociada<\/strong> <\/figcaption><\/figure><\/div>\n\n\n\n<h2 class=\"wp-block-heading\">Universidad Nacional Aut\u00f3noma de M\u00e9xico. Facultad de Estudios Superiores Iztacala<\/h2>\n\n\n\n<p><strong>Direcci\u00f3n<\/strong><\/p>\n\n\n\n<p>Cub. 20, 2do. piso, Torre  Acad\u00e9mica y de Tutor\u00edas.&nbsp;Avenida de los Barrios No 1, Los Reyes  Iztacala, Tlalnepantla, C.P. 54090, Estado de M\u00e9xico, M\u00e9xico.<\/p>\n\n\n\n<p><strong>Contacto<\/strong><\/p>\n\n\n\n<p>56231333 ext. 39855<\/p>\n\n\n\n<p>revistaredes.unam@gmail.com<\/p>\n\n\n\n<p><strong>Copyright: \u00a9 2020 Revista de Divulgaci\u00f3n Crisis y Retos en la Familia y Pareja <\/strong><br> Esta\u00a0 es\u00a0 una\u00a0 revista\u00a0 de\u00a0 acceso\u00a0 abierto\u00a0 distribuida\u00a0 bajo\u00a0 los\u00a0 t\u00e9rminos\u00a0 de\u00a0 la\u00a0 licencia Creative Commons Reconocimiento-NoComercial-Compartirigual 4.0 Internacional, por lo que su contenido gr\u00e1fico y escrito se puede compartir, copiar y redistribuir total o parcialmente sin necesidad de permiso expreso de sus creadores con la \u00fanica condici\u00f3n de que no se puede usar con fines directamente comerciales y los t\u00e9rminos legales de cualquier trabajo derivado deben ser los mismos que se expresan en la presente declaraci\u00f3n. La \u00fanica condici\u00f3n es que se cite la fuente con referencia a la Revista REDES y a sus creadores <\/p>\n","protected":false},"excerpt":{"rendered":"<div class=\"mh-excerpt\"><p>DOI:&nbsp;https:\/\/doi.org\/10.22402\/j.redes.unam.2.1.2020.313.7 Las relaciones entre las personas, as\u00ed como nuestro desarrollo como individuos y como parte de la sociedad, &nbsp;est\u00e1n continuamente mediados por &nbsp;los significados que <a class=\"mh-excerpt-more\" href=\"https:\/\/www.gipps.org\/revistaredes\/presentacion-numero\/como-influye-la-cultura-en-la-manera-en-la-que-nos-comportamospresentacion-del-numero\/\" title=\"\u00bfC\u00d3MO INFLUYE LA CULTURA EN LA MANERA EN LA QUE NOS COMPORTAMOS? PRESENTACI\u00d3N DEL N\u00daMERO\">[&#8230;]<\/a><\/p>\n<\/div>","protected":false},"author":1,"featured_media":431,"comment_status":"closed","ping_status":"closed","sticky":false,"template":"","format":"standard","meta":[],"categories":[8],"tags":[],"_links":{"self":[{"href":"https:\/\/www.gipps.org\/revistaredes\/wp-json\/wp\/v2\/posts\/358"}],"collection":[{"href":"https:\/\/www.gipps.org\/revistaredes\/wp-json\/wp\/v2\/posts"}],"about":[{"href":"https:\/\/www.gipps.org\/revistaredes\/wp-json\/wp\/v2\/types\/post"}],"author":[{"embeddable":true,"href":"https:\/\/www.gipps.org\/revistaredes\/wp-json\/wp\/v2\/users\/1"}],"replies":[{"embeddable":true,"href":"https:\/\/www.gipps.org\/revistaredes\/wp-json\/wp\/v2\/comments?post=358"}],"version-history":[{"count":7,"href":"https:\/\/www.gipps.org\/revistaredes\/wp-json\/wp\/v2\/posts\/358\/revisions"}],"predecessor-version":[{"id":1358,"href":"https:\/\/www.gipps.org\/revistaredes\/wp-json\/wp\/v2\/posts\/358\/revisions\/1358"}],"wp:featuredmedia":[{"embeddable":true,"href":"https:\/\/www.gipps.org\/revistaredes\/wp-json\/wp\/v2\/media\/431"}],"wp:attachment":[{"href":"https:\/\/www.gipps.org\/revistaredes\/wp-json\/wp\/v2\/media?parent=358"}],"wp:term":[{"taxonomy":"category","embeddable":true,"href":"https:\/\/www.gipps.org\/revistaredes\/wp-json\/wp\/v2\/categories?post=358"},{"taxonomy":"post_tag","embeddable":true,"href":"https:\/\/www.gipps.org\/revistaredes\/wp-json\/wp\/v2\/tags?post=358"}],"curies":[{"name":"wp","href":"https:\/\/api.w.org\/{rel}","templated":true}]}}