{"id":278,"date":"2019-12-31T05:05:55","date_gmt":"2019-12-31T05:05:55","guid":{"rendered":"http:\/\/www.gipps.org\/revistaredes\/?p=278"},"modified":"2024-03-01T00:52:47","modified_gmt":"2024-03-01T00:52:47","slug":"paternidad-y-familia-cambios-y-transformaciones","status":"publish","type":"post","link":"https:\/\/www.gipps.org\/revistaredes\/entrevista\/paternidad-y-familia-cambios-y-transformaciones\/","title":{"rendered":"PATERNIDAD Y FAMILIA, CAMBIOS Y TRANSFORMACIONES"},"content":{"rendered":"\n<div class=\"wp-block-columns has-2-columns is-layout-flex wp-container-3\">\n<div class=\"wp-block-column is-layout-flow\">\n<div class=\"wp-block-image\"><figure class=\"aligncenter\"><img decoding=\"async\" loading=\"lazy\" width=\"222\" height=\"224\" src=\"https:\/\/www.gipps.org\/revistaredes\/wp-content\/uploads\/2020\/01\/Imagen-1.png\" alt=\"\" class=\"wp-image-354\" srcset=\"https:\/\/www.gipps.org\/revistaredes\/wp-content\/uploads\/2020\/01\/Imagen-1.png 222w, https:\/\/www.gipps.org\/revistaredes\/wp-content\/uploads\/2020\/01\/Imagen-1-150x150.png 150w\" sizes=\"(max-width: 222px) 100vw, 222px\" \/><\/figure><\/div>\n<\/div>\n\n\n\n<div class=\"wp-block-column is-layout-flow\">\n<p><\/p>\n\n\n\n<p>Entrevista realizada a la Dra. Alejandra Salguero Vel\u00e1zquez&nbsp;|&nbsp;FES Iztacala, UNAM <\/p>\n\n\n\n<p>Profesora de Carrera Titular C, Facultad de Psicolog\u00eda, UNAM, SNI nivel II<\/p>\n\n\n\n<p>Contacto: alevs@unam.mx <\/p>\n<\/div>\n<\/div>\n\n\n\n<p>Entrevistadora: Lic. Blanca Delia Arias Garc\u00eda&nbsp;|&nbsp;<em>FES Iztacala, UNAM<\/em><\/p>\n\n\n<hr \/>\n<p class=\"p1\"><strong>Cita recomendada:<\/strong><\/p>\n<p class=\"p1\">Arias-Garc\u00eda, B. (2019). Paternidad y Familia, cambios y transformaciones [Entrevista a Mar\u00eda Alejandra Salguero Vel\u00e1zquez]. <em>Revista de Divulgaci\u00f3n Crisis y Retos en la Familia y Pareja, 1<\/em>(2), 35-39. https:\/\/doi.org\/10.22402\/j.redes.unam.1.2.2019.274.36-40<\/p>\n<hr \/>\n<p style=\"padding-left: 40px;\"><strong>Resumen<\/strong><\/p>\n<p style=\"padding-left: 40px;\">La Dra. Mar\u00eda Alejandra Salguero Vel\u00e1zquez concedi\u00f3 una entrevista exclusiva para la revista \u201cREDES\u201d el d\u00eda 13 de noviembre titulada \u201cPaternidad y Familia, cambios y transformaciones\u201d en la cual nos comparte c\u00f3mo inicio sus estudios, de manera rigurosa y met\u00f3dica, los fen\u00f3menos psicol\u00f3gicos que caracterizan el estudio de la paternidad. As\u00ed, la dra. Salguero expone sus motivaciones para desarrollar estudios cient\u00edficos con padres de familia; los resultados de sus investigaciones y algunas reflexiones sobre c\u00f3mo han cambiado el rol de los varones en torno a la paternidad a lo largo de los a\u00f1os. Con una visi\u00f3n cr\u00edtica expone c\u00f3mo las nuevas generaciones viven este cambio social y cultural en las formas de ser padre var\u00f3n; cu\u00e1les son los retos que enfrentan los varones al asumir roles de paternidad diferentes a los que fueron criados y comparte cu\u00e1les son los principales hallazgos que ha encontrado en sus investigaciones y en los que como padres, deber\u00edamos poner atenci\u00f3n y hace algunas sugerencias con respecto a la educaci\u00f3n de nuestros hijos dadas estas transformaciones que se ha presentado en la familia. Sin m\u00e1s pre\u00e1mbulo, se espera que la informaci\u00f3n brindada por nuestra especialista sea de utilidad para propiciar reflexi\u00f3n en nuestros lectores.<\/p>\n<hr \/>\n\n\n<figure class=\"wp-block-embed-youtube wp-block-embed is-type-video is-provider-youtube wp-embed-aspect-16-9 wp-has-aspect-ratio\"><div class=\"wp-block-embed__wrapper\">\n<iframe loading=\"lazy\" title=\"Entrevista Dra. Mar\u00eda Alejandra Salguero Vel\u00e1zquez\" width=\"500\" height=\"281\" src=\"https:\/\/www.youtube.com\/embed\/HhP08PtnWtM?start=16&#038;feature=oembed\" frameborder=\"0\" allow=\"accelerometer; autoplay; encrypted-media; gyroscope; picture-in-picture\" allowfullscreen><\/iframe>\n<\/div><\/figure>\n\n\n\n<p>Licenciada en Psicolog\u00eda por la FES-I, Maestra\nen modoficaci\u00f3n de la conducta por la FESI-I, Doctora en Sociolog\u00eda por la\nFacultad de Ciencias Pol\u00edticas y Sociales. A partir de los 80s, inicio con la\nl\u00ednea de investigaci\u00f3n sobre el significado y la vivencia de la maternidad y &nbsp;a partir de ello comenz\u00f3 a identificar que hac\u00eda\nfalta investigaci\u00f3n en torno a la paternidad, pero no fue sino hasta que entr\u00f3\nal doctorado en sociolog\u00eda donde encontr\u00f3 un campo fertil donde podia\ndesarrollar este tema y llev\u00f3 a cabo una investigaci\u00f3n entorno al tema de &nbsp;masculinidad, trabajando as\u00ed en cuestiones de\ng\u00e9nero, donde fue formada por feministas como Mar\u00eda Marcela Lagarde &#8211; quien le dio\nclase cuatro a\u00f1os- y por Juan Guillermo Figueroa, con quien sige trabajando. En\neste escenario trabaj\u00f3 el tema de paternidad, lo que la ha consolidado como una\nrepresentante importante en el \u00e1rea de investigaci\u00f3n de este tema. <\/p>\n\n\n\n<p><strong>Actualmente \u00bfcu\u00e1les son los\ncambios sociales y culturales que ha tenido la construcci\u00f3n de la familia?<\/strong><\/p>\n\n\n\n<p>Has sido much\u00edsimos. A partir de los 60s hasta\nla actualidad, ha habido una serie de transformaciones familiares\nimpresionantes, en gran parte por el movimiento de las mujeres, es decir, una\nbuena parte de&nbsp; las mujeres ingresaron al\n\u00e1mbito escolarizado y al \u00e1mbito laboral, &nbsp;eso trastoca evidentemente los espacios y los\nroles en la familia, de tal manera que dado que no es suficiente con un solo\ningreso, entonces tenemos familias de doble ingreso, lo cual implica reajustar\ntiempos, actividades y formas de relaci\u00f3n familiar, con la apertura, en t\u00e9rminos\nde la diversidad de familias, porque actualmente hablamos de las familias en\nplural, pues esto abre nuevas posibilidades para poder empezar a analizar estos\ncambios &nbsp;y estas transformaciones que se\nhan venido gestando en su interior. <\/p>\n\n\n\n<p><strong>\u00bfC\u00f3mo\nlas nuevas generaciones viven este cambio social y cultural en las formas de\nser padre var\u00f3n?<\/strong><\/p>\n\n\n\n<p>Yo creo que las nuevas generacionesmucho\nmejor que las anteriores. A las generaciones pasadas les costaba mucho trabajo\najustarse a los cambios porque ven\u00edan de un patr\u00f3n familiar en donde ellos eran\nlos que mandaban, los que daban y representaban la autoridad, &nbsp;ellos se\u00f1alaban que era lo que se ten\u00eda que\nhacer, y hab\u00eda como cierta distancia entre los propios integrantes de la\nfamilia sobre todo con los hijos. En las nuevas generaciones se ha dado un\ncambio de 360 grados, porque estas nuevas generaciones traen adem\u00e1s ya todo el\ndiscurso de derechos y donde las parejas femeninas han incorporado una serie de\ntransformaciones, es decir, son mujeres que traen todo el discurso en t\u00e9rminos\nde derechos y de equidad de g\u00e9nero,&nbsp; y\nen&nbsp; donde exigen de alguna manera el\ntrato igualitario sea en el \u00e1mbito del hogar, &nbsp;en la aportaci\u00f3n econ\u00f3mica y tambie\u00e9n en las\nrelaciones interpersonales, esto evidentemente te lo llevas al terreno de la\nmaternidad y de la paternidad. En el caso de los j\u00f3venes es impresionante como\nle est\u00e1n entrando, nosotros tenemos un banco de datos important\u00edsimo, de\nentrevistas dirigidas a j\u00f3venes universitarios y no universitarios,&nbsp; porque tenemos que mapear como las diferentes\ncondiciones tambi\u00e9n de los j\u00f3venes, y de verdad no importa si son\nuniversitarios o no lo son, ellos en gran medida son los que se encargan en buena\nparte del cuidado de los hijos, claro, la proveedur\u00eda sigue siendo muy\nimportante para ellos, porque es como un eje rector, es decir, &nbsp;en donde para sentirse responsables tienen que\nproveer y esto en muchas ocasiones los lleva evidentemente a la b\u00fasqueda de\nempleos, empleos en plural porque a veces un solo empleo no les alcanza, y\ntienen que buscarse uno y otro por el fin de semana o una chambita extra que\nles sale, etc\u00e9tera, para poder aportar econ\u00f3micamente y sentirse reconocidos,\nporque eso es lo que les da validez en este mundo social, pero tambi\u00e9n es cierto\nque est\u00e1n incorpor\u00e1ndose a estas pr\u00e1cticas de cuidado, en donde ellos est\u00e1n\nmuchas veces con los hijos, son los que los llevan a la escuela, regresan,\nhacen la tarea con ellos, hay como todo un cambio, de verdad, tanto en la parte\nafectiva como en la parte del involucramento con ellos. <\/p>\n\n\n\n<p><strong>\u00bfCu\u00e1les\nson los retos que enfrentan los varones al asumir roles de paternidad\ndiferentes a los que fueron criados?<\/strong><\/p>\n\n\n\n<p>Al principio es dif\u00edcil, porque en el caso de\nlos j\u00f3venes primero hay como todo un proceso, cuando la relaci\u00f3n con el padre\nno fue tan buena, hay como un proceso de confrontaci\u00f3n con la propia figura del\npadre, y en donde son relaciones muy afectivas reproducen el modelo, y piensan\nen \u201c <em>quiero ser como mi padre que fue\ncercano o cari\u00f1oso, jug\u00e1bamos al futbol, a las guerritas, me ayudaba con la\ntarea<\/em>\u201d; pero en caso de que no fuera as\u00ed, viene el \u201c<em>no quiero ser como mi padre<\/em>\u201d y entonces, esto los obliga como a\nreplantearse y a buscar informaci\u00f3n, con los amigos, en los grupos, a trav\u00e9s de\n&nbsp;las redes sociales, etc\u00e9tera, para\nbuscar formas alternativas de relaci\u00f3n con los propios hijos, incluso hay grupos\nde padres a trav\u00e9s de blogs en las redes sociales y evidentemente tambi\u00e9n hay\ngrupos de hombres que apoyan a otros hombres en el ejercicio de la paternidad,\ny eso facilita enormemente, porque la posibilidad de externar las emociones, de\ntocar a los ni\u00f1os, de acariciarlos, implica como un reaprendizaje tambi\u00e9n de\nparte de ellos, entonces, es un proceso de cambio, de aprendizaje continuo y de\nmucha satisfacci\u00f3n. &nbsp;En la investigaci\u00f3n\nuna parte important\u00edsima es restituir la voz de ellos, darles voz a ellos, en t\u00e9rminos\nde sacarlos de esta imagen, donde la relaci\u00f3n con el padre es terrible, o de\nideas como no dejer a los papas con las ni\u00f1as porque les van a hacer algo, es\ndecir, la relaci\u00f3n con los papas cuando es construida de manera cercana y de\nalguna manera como coordinada con la misma pareja, aun que vivan o no vivan\njuntos, porque tenemos N posibilidades de relaciones de pareja; pero cuando es\nnegociada aunque no est\u00e9 la pareja viviendo con ellos, las relaciones padre e\nhijo, padre e hija son de los m\u00e1s grato y en t\u00e9rminos incluso de crecimiento\npara los propios varones. <\/p>\n\n\n\n<p><strong>\u00bfCu\u00e1les\nson los principales hallazgos que ha encontrado en sus investigaciones y en los\nque como padres, deber\u00edamos poner atenci\u00f3n? <\/strong><\/p>\n\n\n\n<p>1.- Una parte importante implica el aprendizaje,\ny la gran pregunta es \u00bfy c\u00f3mo aprenden a ser papas? Una parte tiene que ver con\nlas familias de origen, con estos modelos familiares, pero otra tiene que ver\ncon esta cotidianidad&nbsp; que van construyendo\ncon las parejas, y una parte fundamental que nosotros hemos notado que esta ah\u00ed\nmuy presente, es la posibilidad de negociar en las parejas. Hay muchas parejas\nque no saben negociar&nbsp; y terminan la\nrelaci\u00f3n por las cosas m\u00e1s simples que te puedas imaginar y en donde finalmente\nlos afectados son los hijos tambi\u00e9n, con todo y que se construyan puentes y\nrelaciones, ese es un punto fundamental, como aprender a negociar con la pareja\npara poderte construir como papa. <\/p>\n\n\n\n<p>2.- Darte la posibilidad de reinventarte constantemente\ncomo hombre, , ah\u00ed es donde entramos al terreno de las masculinidades. Es darte\nla posibilidad de reinventarte como hombre dejando atr\u00e1s todos esos\nestereotipos que han da\u00f1ado la imagen de los hombres, y no nada m\u00e1s la imagen,\nsino la constituci\u00f3n y la emoci\u00f3n misma de los hombres, dejar de lado esos\nestereotipos centrados en el poder, en el dominio, en el control, que la verdad\nno sirve para nada y da\u00f1an, la masculinidad hegem\u00f3nica da\u00f1a y mata a los\nhombres. En ese sentido, a partir de la posibilidad de reinventarse como\nhombres, tenemos la posibilidad de encontrar formas distintas de ser padre, c\u00e1lidas,\ncercanas, acompa\u00f1antes no nada m\u00e1s en la \u00e9poca de la infancia temprana o incluso\nen la adolescencia, sino extenderla a toda la trayectoria de vida, entonces\ntenemos papas sumamente afectivos con los hijos adultos y son los acompa\u00f1antes\nde vida. <\/p>\n\n\n\n<p>3.- Otra l\u00ednea que nos ha arrojado datos important\u00edsimos\nes la de las ausencias. Terminamos reci\u00e9n este a\u00f1o una investigaci\u00f3n sobre presencia\ny ausencia paterna, y lo que nosotros encontramos es que las ausencias&nbsp; son socialmente construida con nosotros,\nconstruida con la pareja, construida con las familias de origen, y que eso\nevidentemente genera da\u00f1os irreparables para todos los integrantes, entonces\nhay diferentes formas de ausencia, hay padres que est\u00e1n ausentes aun estando\npresentes en el hogar y ah\u00ed&nbsp; hay que\nempezar a romper justamente con todos estos estereotipos de, \u201c<em>hay pues como mi papa no me habla pues yo no\nle hablo<\/em>\u201d, &#8211; ac\u00e9rcate, dialoga con tu hijo, con tu hija- &nbsp;y lo mismo en el caso de los hijos y de&nbsp; los chavos, es decir, poderse acercar a los\npapas y decir \u201c<em>bueno, \u00bfy ese se\u00f1or que\nesta ah\u00ed, qui\u00e9n es?<\/em>\u201d y empezar a construir esas formas de relaci\u00f3n, que son\nlas que finalmente van a dar sentido a la vida\u2026 me encanta.<\/p>\n\n\n\n<p><strong>\u00bfQu\u00e9\nsugerencias nos podr\u00eda dar para educar a nuestros hijos dadas estas\ntransformaciones que se ha presentado en la familia? <\/strong><\/p>\n\n\n\n<p>Yo creo que una enorme tarea que tenemos, o sea,\ncomo padres, como educadores, como madres, como gu\u00edas en el desarrollo de los\nhijos y de los j\u00f3venes, es justamente, este, acompa\u00f1arlos \u00bfno?, o sea, es que\nni siquiera existe el guion exacto para poder decir, bueno, de esta&nbsp; manera, este, si tu sigues los pasos a, b\ny&nbsp; c, entonces te vas a convertir &nbsp;en el mejor papa o vas a construir la mejor\nrelaci\u00f3n con el hijo. En esta idea de reinventarnos cotidianamente y\ncontinuamente \u00bfno?, este, quienes se dedican a estudiar por ejemplo, la vida\ncotidiana, Hannah Arendt despu\u00e9s de la segunda guerra mundial, implicaba\nreinventarse con las posibilidades m\u00ednimas o nulas de existencia, y la\nposibilidad de inventarte es de crear a partir de plantearte la posibilidad de\nser una persona distinta, de ser una persona donde como hombre, por ejemplo, no\nte apegues a esos estereotipos de los cuales tu aprendiste a ser hombre, no de\nque tienes que, o sea, tienes que esperar a que tus hermanas te sirvan, o\ntienes que mandar, o tienes que ordenar o tienes que ser la autoridad, no, no,\nporque esos estereotipos de alguna manera son estereotipos, o sea, implica como\nmucho, mucho que no tiene que ver con la verdad \u00bfno?, o sea, se construye sobre\nmucho la base a partir de la fantas\u00eda, en ese sentido plantearnos la\nposibilidad de acompa\u00f1ar a nuestros hijos y decirles \u00bfno?, o sea, t\u00fa puedes ser\nla persona que t\u00fa quieras, aqu\u00ed estoy para ayudarte, cuando me necesites aqu\u00ed\nvoy a estar, \u00bfno? y entonces hacer como ese proceso \u00bfno?, de ser uno m\u00e1s en la\nvida de esos j\u00f3venes y de esas j\u00f3venes \u00bfno?, y en donde nunca rompas el lazo \u00bfno?\no sea, afectivo, emocional, psicol\u00f3gico entre ellos&nbsp; y tu como docente, educadora, educador o mam\u00e1\no pap\u00e1 o lo que quieras\u2026 si\n\nDate la posibilidad\nde reinventarte como padre.\n\n\n\n<\/p>\n\n\n\n<blockquote class=\"wp-block-quote\"><p> Las opiniones expresadas por los autores no necesariamente reflejan la postura del editor de la publicaci\u00f3n. Esta revista es una publicaci\u00f3n semestral en espa\u00f1ol, arbitrada, de acceso abierto y licenciamiento <em>Creative Commons<\/em>; puede ser reproducida con fines no lucrativos, siempre y cuando se cite la fuente completa y su direcci\u00f3n electr\u00f3nica. De otra forma requiere permiso previo por escrito.  <\/p><\/blockquote>\n\n\n\n<p><\/p>\n","protected":false},"excerpt":{"rendered":"<div class=\"mh-excerpt\"><p>Entrevista realizada a la Dra. Alejandra Salguero Vel\u00e1zquez&nbsp;|&nbsp;FES Iztacala, UNAM Profesora de Carrera Titular C, Facultad de Psicolog\u00eda, UNAM, SNI nivel II Contacto: alevs@unam.mx Entrevistadora: <a class=\"mh-excerpt-more\" href=\"https:\/\/www.gipps.org\/revistaredes\/entrevista\/paternidad-y-familia-cambios-y-transformaciones\/\" title=\"PATERNIDAD Y FAMILIA, CAMBIOS Y TRANSFORMACIONES\">[&#8230;]<\/a><\/p>\n<\/div>","protected":false},"author":1,"featured_media":330,"comment_status":"closed","ping_status":"closed","sticky":false,"template":"","format":"standard","meta":[],"categories":[6],"tags":[],"_links":{"self":[{"href":"https:\/\/www.gipps.org\/revistaredes\/wp-json\/wp\/v2\/posts\/278"}],"collection":[{"href":"https:\/\/www.gipps.org\/revistaredes\/wp-json\/wp\/v2\/posts"}],"about":[{"href":"https:\/\/www.gipps.org\/revistaredes\/wp-json\/wp\/v2\/types\/post"}],"author":[{"embeddable":true,"href":"https:\/\/www.gipps.org\/revistaredes\/wp-json\/wp\/v2\/users\/1"}],"replies":[{"embeddable":true,"href":"https:\/\/www.gipps.org\/revistaredes\/wp-json\/wp\/v2\/comments?post=278"}],"version-history":[{"count":8,"href":"https:\/\/www.gipps.org\/revistaredes\/wp-json\/wp\/v2\/posts\/278\/revisions"}],"predecessor-version":[{"id":1353,"href":"https:\/\/www.gipps.org\/revistaredes\/wp-json\/wp\/v2\/posts\/278\/revisions\/1353"}],"wp:featuredmedia":[{"embeddable":true,"href":"https:\/\/www.gipps.org\/revistaredes\/wp-json\/wp\/v2\/media\/330"}],"wp:attachment":[{"href":"https:\/\/www.gipps.org\/revistaredes\/wp-json\/wp\/v2\/media?parent=278"}],"wp:term":[{"taxonomy":"category","embeddable":true,"href":"https:\/\/www.gipps.org\/revistaredes\/wp-json\/wp\/v2\/categories?post=278"},{"taxonomy":"post_tag","embeddable":true,"href":"https:\/\/www.gipps.org\/revistaredes\/wp-json\/wp\/v2\/tags?post=278"}],"curies":[{"name":"wp","href":"https:\/\/api.w.org\/{rel}","templated":true}]}}