{"id":240,"date":"2019-12-31T00:01:39","date_gmt":"2019-12-31T00:01:39","guid":{"rendered":"http:\/\/www.gipps.org\/revistaredes\/?p=240"},"modified":"2024-03-01T00:51:53","modified_gmt":"2024-03-01T00:51:53","slug":"retos-actuales-en-la-crianza-de-los-hijos-presentacion-del-numero","status":"publish","type":"post","link":"https:\/\/www.gipps.org\/revistaredes\/presentacion-numero\/retos-actuales-en-la-crianza-de-los-hijos-presentacion-del-numero\/","title":{"rendered":"RETOS ACTUALES EN LA CRIANZA DE LOS HIJOS. PRESENTACI\u00d3N DEL N\u00daMERO"},"content":{"rendered":"\n<p><strong>DOI:&nbsp;<\/strong><a href=\"https:\/\/doi.org\/10.22402\/j.redes.unam.1.2.2019.269.8\">https:\/\/doi.org\/10.22402\/j.redes.unam.1.2.2019.269.8<\/a><\/p>\n\n\n\n<p>El volumen 1, n\u00famero 2 de la Revista de Divulgaci\u00f3n Crisis y Retos en la Familia y Pareja est\u00e1 centrado en los retos actuales que los cuidadores, ya sean padres, tutores u otros enfrentan en la \u00e9poca actual. <\/p>\n\n\n\n<p>Son tantos los retos que es imposible\nabordarlos en un s\u00f3lo n\u00famero en est\u00e1 ocasi\u00f3n se presentan algunos de ellos\nesperando puedan servir como gu\u00eda para que el lector cuente con herramientas de\napoyo, ya sea para generar l\u00edneas de investigaci\u00f3n y\/o tener un punto de\nreferencia de qu\u00e9 pueden hacer aquellos que se encuentran en esta etapa. Este\nn\u00famero cuenta con nueve art\u00edculos divididos en las cinco secciones que\ncomprende la revista. En la secci\u00f3n de investigaci\u00f3n los doctores Diana Isela\nC\u00f3rdoba Basulto y Jos\u00e9 Salvador Sapi\u00e9n L\u00f3pez presentan los resultados de la\nevaluaci\u00f3n que realizaron a hombres sobre la importancia de las experiencias de\nabandono paterno y su relaci\u00f3n con la toma de decisi\u00f3n de no querer tener\nhijos, ofreciendo un panorama de c\u00f3mo la decisi\u00f3n de tener hijos o no en la actualidad\npuede estar relacionada&nbsp; con el c\u00f3mo&nbsp; los padres los criaron. En la secci\u00f3n de\nan\u00e1lisis se presentan tres manuscritos, el primero de ellos lo escribe la Dra.\nJuana Bengoa Gonz\u00e1lez quien se\u00f1ala c\u00f3mo los hijos se encuentran en medio de los\nproblemas de adultos y c\u00f3mo ello puede afectar sus relaciones y el desarrollo\nde conductas antisociales, violencia entre otros. Por su parte el Mtro. Jos\u00e9\nRafael Alvarado Navarro nos habla de los berrinches que suelen ser muy comunes\nen ni\u00f1os y adolescentes y de c\u00f3mo la familia contribuye para que se mantengan y\nperduren por la falta de l\u00edmites de los adultos; por \u00faltimo, la Dra. Laura\nEvelia Torres Vel\u00e1zquez trata de responder a la pregunta \u00bfqu\u00e9 es la crianza de\nlos hijos?, donde nos presenta el significado de la crianza de hijos e hijas,\nlo que implica la responsabilidad en la misma y algunos de los retos en la\neducaci\u00f3n de los hijos, se\u00f1alando la importancia del involucramiento de hombres\ny mujeres en la educaci\u00f3n de sus hijos.<\/p>\n\n\n\n<p>En la secci\u00f3n de entrevista, la Lic. Blanca Delia Arias Garc\u00eda entrevista a la Dra. Alejandra Salguero Vel\u00e1zquez, quien es acad\u00e9mica de la UNAM con una amplia trayectoria donde una de sus l\u00edneas de investigaci\u00f3n est\u00e1 centrada en la paternidad, la Dra. Salguero nos comparte su experiencia sobre c\u00f3mo es el proceso de ser padre, as\u00ed como los cambios y transformaciones que ha tenido. En la secci\u00f3n de estudio de caso la Lic. Cinthya Melisa Velasco Reyes nos presenta un caso centrado en la relaci\u00f3n padre-hija y de c\u00f3mo el amor de padre puede ser m\u00e1s de lo que socialmente se espera que sea.  Por \u00faltimo en la secci\u00f3n de recomendaciones, se presentan tres art\u00edculos, en el primero, el Mtro. Erik Godinez Loera nos hace una propuesta y brinda una serie de recomendaciones cuando los padres se enfrentan a la discapacidad de un hijo; tambi\u00e9n la Mtra. M\u00f3nica Jasm\u00edn Montoya Garc\u00eda nos da la receta para la crianza de los hijos en donde el principal ingrediente es el cuidador que est\u00e1 a cargo de los ni\u00f1os; por \u00faltimo, la Dra. Carolina Santill\u00e1n Torres Torija nos da gu\u00edas para poder prevenir el suicidio, sobretodo para conocer qu\u00e9 acciones se pueden tomar cuando alguien sospecha de que una persona podr\u00eda cometer suicidio, de tal forma que los padres puedan abrir los ojos y prestar atenci\u00f3n para evitar un da\u00f1o mayor en sus hijos. <\/p>\n\n\n\n<div class=\"wp-block-image\"><figure class=\"aligncenter is-resized\"><img decoding=\"async\" loading=\"lazy\" src=\"http:\/\/www.gipps.org\/revistaredes\/wp-content\/uploads\/2019\/08\/Image-1-768x1024.jpg\" alt=\"\" class=\"wp-image-172\" width=\"192\" height=\"256\" srcset=\"https:\/\/www.gipps.org\/revistaredes\/wp-content\/uploads\/2019\/08\/Image-1-768x1024.jpg 768w, https:\/\/www.gipps.org\/revistaredes\/wp-content\/uploads\/2019\/08\/Image-1-225x300.jpg 225w, https:\/\/www.gipps.org\/revistaredes\/wp-content\/uploads\/2019\/08\/Image-1.jpg 960w\" sizes=\"(max-width: 192px) 100vw, 192px\" \/><figcaption> <strong>Dr. Ricardo S\u00e1nchez Medina<\/strong><br> <strong>Editor General <\/strong> <\/figcaption><\/figure><\/div>\n\n\n\n<h2 class=\"wp-block-heading\">Universidad Nacional Aut\u00f3noma de M\u00e9xico. Facultad de Estudios Superiores Iztacala<\/h2>\n\n\n\n<p><strong>Direcci\u00f3n<\/strong><\/p>\n\n\n\n<p>Cub. 20, 2do. piso, Torre  Acad\u00e9mica y de Tutor\u00edas.&nbsp;Avenida de los Barrios No 1, Los Reyes  Iztacala, Tlalnepantla, C.P. 54090, Estado de M\u00e9xico, M\u00e9xico.<\/p>\n\n\n\n<p><strong>Contacto<\/strong><\/p>\n\n\n\n<p>56231333 ext. 39855<\/p>\n\n\n\n<p>revistaredes.unam@gmail.com<\/p>\n\n\n\n<blockquote class=\"wp-block-quote\"><p> <strong>Copyright: \u00a9 2019 Revista de Divulgaci\u00f3n Crisis y Retos en la Familia y Pareja <\/strong><br> Esta\u00a0 es\u00a0 una\u00a0 revista\u00a0 de\u00a0 acceso\u00a0 abierto\u00a0 distribuida\u00a0 bajo\u00a0 los\u00a0 t\u00e9rminos\u00a0 de\u00a0 la\u00a0 licencia Creative Commons Reconocimiento-NoComercial-Compartirigual 4.0 Internacional, por lo que su contenido gr\u00e1fico y escrito se puede compartir, copiar y redistribuir total o parcialmente sin necesidad de permiso expreso de sus creadores con la \u00fanica condici\u00f3n de que no se puede usar con fines directamente comerciales y los t\u00e9rminos legales de cualquier trabajo derivado deben ser los mismos que se expresan en la presente declaraci\u00f3n. La \u00fanica condici\u00f3n es que se cite la fuente con referencia a la Revista REDES y a sus creadores <\/p><\/blockquote>\n","protected":false},"excerpt":{"rendered":"<div class=\"mh-excerpt\"><p>DOI:&nbsp;https:\/\/doi.org\/10.22402\/j.redes.unam.1.2.2019.269.8 El volumen 1, n\u00famero 2 de la Revista de Divulgaci\u00f3n Crisis y Retos en la Familia y Pareja est\u00e1 centrado en los retos actuales <a class=\"mh-excerpt-more\" href=\"https:\/\/www.gipps.org\/revistaredes\/presentacion-numero\/retos-actuales-en-la-crianza-de-los-hijos-presentacion-del-numero\/\" title=\"RETOS ACTUALES EN LA CRIANZA DE LOS HIJOS. PRESENTACI\u00d3N DEL N\u00daMERO\">[&#8230;]<\/a><\/p>\n<\/div>","protected":false},"author":1,"featured_media":241,"comment_status":"closed","ping_status":"closed","sticky":false,"template":"","format":"standard","meta":[],"categories":[8],"tags":[],"_links":{"self":[{"href":"https:\/\/www.gipps.org\/revistaredes\/wp-json\/wp\/v2\/posts\/240"}],"collection":[{"href":"https:\/\/www.gipps.org\/revistaredes\/wp-json\/wp\/v2\/posts"}],"about":[{"href":"https:\/\/www.gipps.org\/revistaredes\/wp-json\/wp\/v2\/types\/post"}],"author":[{"embeddable":true,"href":"https:\/\/www.gipps.org\/revistaredes\/wp-json\/wp\/v2\/users\/1"}],"replies":[{"embeddable":true,"href":"https:\/\/www.gipps.org\/revistaredes\/wp-json\/wp\/v2\/comments?post=240"}],"version-history":[{"count":3,"href":"https:\/\/www.gipps.org\/revistaredes\/wp-json\/wp\/v2\/posts\/240\/revisions"}],"predecessor-version":[{"id":1348,"href":"https:\/\/www.gipps.org\/revistaredes\/wp-json\/wp\/v2\/posts\/240\/revisions\/1348"}],"wp:featuredmedia":[{"embeddable":true,"href":"https:\/\/www.gipps.org\/revistaredes\/wp-json\/wp\/v2\/media\/241"}],"wp:attachment":[{"href":"https:\/\/www.gipps.org\/revistaredes\/wp-json\/wp\/v2\/media?parent=240"}],"wp:term":[{"taxonomy":"category","embeddable":true,"href":"https:\/\/www.gipps.org\/revistaredes\/wp-json\/wp\/v2\/categories?post=240"},{"taxonomy":"post_tag","embeddable":true,"href":"https:\/\/www.gipps.org\/revistaredes\/wp-json\/wp\/v2\/tags?post=240"}],"curies":[{"name":"wp","href":"https:\/\/api.w.org\/{rel}","templated":true}]}}