{"id":1909,"date":"2026-01-05T04:00:00","date_gmt":"2026-01-05T04:00:00","guid":{"rendered":"https:\/\/www.gipps.org\/revistaredes\/?p=1909"},"modified":"2026-01-07T15:04:25","modified_gmt":"2026-01-07T15:04:25","slug":"seis-consejos-para-familias-con-hijos-con-discapacidad-intelectual-como-fortalecer-el-bienestar-familiar","status":"publish","type":"post","link":"https:\/\/www.gipps.org\/revistaredes\/recomendaciones\/seis-consejos-para-familias-con-hijos-con-discapacidad-intelectual-como-fortalecer-el-bienestar-familiar\/","title":{"rendered":"SEIS CONSEJOS PARA FAMILIAS CON HIJOS CON DISCAPACIDAD INTELECTUAL: \u00bfC\u00d3MO FORTALECER EL BIENESTAR FAMILIAR?"},"content":{"rendered":"\n<div class=\"wp-block-media-text alignwide is-stacked-on-mobile\" style=\"grid-template-columns:32% auto\"><figure class=\"wp-block-media-text__media\"><img decoding=\"async\" loading=\"lazy\" width=\"205\" height=\"167\" src=\"https:\/\/www.gipps.org\/revistaredes\/wp-content\/uploads\/2026\/01\/image-14.png\" alt=\"\" class=\"wp-image-1910 size-full\"\/><\/figure><div class=\"wp-block-media-text__content\">\n<p><\/p>\n\n\n\n<p>Dra. Gandhi Isabel Peralta Corona<\/p>\n\n\n\n<p>Profesora e Investigadora de Tiempo Completo Titular C en la Facultad de Trabajo Social Mazatl\u00e1n de la Universidad Aut\u00f3noma de Sinaloa<\/p>\n\n\n\n<p>Correo electr\u00f3nico: <a href=\"mailto:lsabel.corona@uas.edu.mx\">lsabel.corona@uas.edu.mx<\/a><\/p>\n<\/div><\/div>\n\n\n\n<div class=\"wp-block-media-text alignwide is-stacked-on-mobile\" style=\"grid-template-columns:31% auto\"><figure class=\"wp-block-media-text__media\"><img decoding=\"async\" loading=\"lazy\" width=\"214\" height=\"185\" src=\"https:\/\/www.gipps.org\/revistaredes\/wp-content\/uploads\/2026\/01\/image-15.png\" alt=\"\" class=\"wp-image-1911 size-full\"\/><\/figure><div class=\"wp-block-media-text__content\">\n<p>Lic. Paola Judith Valenzuela Mart\u00ednez<\/p>\n\n\n\n<p>Licenciada en Psicolog\u00eda por parte de la Universidad Aut\u00f3noma de Sinaloa. Estudiante de la Maestr\u00eda en Trabajo Social<\/p>\n\n\n\n<p>Correo electr\u00f3nico: <a href=\"mailto:paola_valenz@hotmail.com\">paola_valenz@hotmail.com<\/a><\/p>\n<\/div><\/div>\n\n\n\n<hr class=\"wp-block-separator has-alpha-channel-opacity\"\/>\n\n\n\n<p><strong>Cita recomendada:<\/strong><\/p>\n\n\n\n<p>Peralta, G. I. &amp; Valenzuela, P. J., (2026). Seis consejos para familias con hijos con discapacidad intelectual: \u00bfC\u00f3mo fortalecer el bienestar familiar?<em> Revista de Divulgaci\u00f3n Crisis y Retos en la Familia y Pareja, 8<\/em>(1), 61-64. <a href=\"https:\/\/doi.org\/10.22402\/j.rdcrfp.unam.8.1.2026.648.61-64\">https:\/\/doi.org\/10.22402\/j.rdcrfp.unam.8.1.2026.648.61-64<\/a><\/p>\n\n\n\n<hr class=\"wp-block-separator has-alpha-channel-opacity\"\/>\n\n\n\n<p>Resumen<\/p>\n\n\n\n<p>Las familias que reciben un diagn\u00f3stico de discapacidad intelectual en un hijo o hija enfrentan cambios importantes en su din\u00e1mica cotidiana. La investigaci\u00f3n ha documentado que la forma en que se afrontan estos procesos influye directamente en el bienestar familiar y en la calidad de vida de todos sus integrantes. Con base en distintos estudios recientes, este art\u00edculo presenta seis consejos pr\u00e1cticos dirigidos a fortalecer la convivencia y el v\u00ednculo familiar en hogares con hijos e hijas con discapacidad intelectual. Las recomendaciones se centran en fomentar la comunicaci\u00f3n abierta y respetuosa, compartir las responsabilidades del cuidado, atender al bienestar de quien ejerce el rol de cuidador, buscar redes de apoyo y reconocer los logros cotidianos. El objetivo es brindar orientaciones sencillas, fundamentadas en evidencia cient\u00edfica, que contribuyan a generar un ambiente familiar m\u00e1s saludable, inclusivo y resiliente. Palabras claves: Discapacidad intelectual, bienestar familiar, cuidados cotidianos, familia y resiliencia<\/p>\n\n\n\n<hr class=\"wp-block-separator has-alpha-channel-opacity\"\/>\n\n\n\n<p><strong><em>\u00bfQU\u00c9 ES LA DISCAPACIDAD INTELECTUAL?<\/em><\/strong><\/p>\n\n\n\n<p>La discapacidad intelectual forma parte de las llamadas discapacidades del desarrollo y se distingue por presentar limitaciones significativas en el funcionamiento intelectual como es la capacidad para aprender, razonar o resolver problemas y; en la conducta adaptativa, que incluye habilidades conceptuales, sociales y pr\u00e1cticas necesarias para la vida diaria. Esta condici\u00f3n se manifiesta antes de los 22 a\u00f1os de edad (AAIDD, 2025).<\/p>\n\n\n\n<p>Desde esta comprensi\u00f3n, es fundamental brindar herramientas que fortalezcan el entorno familiar, ya que la forma en que se vive la discapacidad en casa impactar\u00e1 directamente en el bienestar de todos sus integrantes. A continuaci\u00f3n, se presentan seis consejos pr\u00e1cticos para fortalecer el v\u00ednculo y la convivencia en las familias con hijos e hijas con discapacidad intelectual.<\/p>\n\n\n\n<p><strong><em>1.&nbsp;&nbsp;&nbsp;&nbsp;&nbsp;&nbsp;&nbsp;&nbsp;&nbsp;&nbsp; HABLAR SIN MIEDO<\/em><\/strong><\/p>\n\n\n\n<p>Platicar abiertamente sobre la discapacidad contribuye a comprenderla mejor. Evitar o negar el di\u00e1logo por miedo solo genera m\u00e1s dudas e incertidumbre. Resulta importante incluir a todos los integrantes de la familia, como hermanas y hermanos, porque esto fomentar\u00e1 la comprensi\u00f3n y el apoyo en casa (Casado et al. 2023; Villavicencio-Aguilar et al., 2018; AAIDD, 2011).<\/p>\n\n\n\n<p>Frase \u00fatil: \u201cTodas las personas aprenden de formas distintas, y la familia se encuentra unida para brindar apoyo\u201d.<\/p>\n\n\n\n<p><strong><em>2.&nbsp;&nbsp;&nbsp;&nbsp;&nbsp;&nbsp;&nbsp;&nbsp;&nbsp;&nbsp; COMPARTIR LAS TAREAS DEL CUIDADO<\/em><\/strong><\/p>\n\n\n\n<p>En la mayor\u00eda de los casos, el trabajo de cuidado recae sobre una sola persona: la madre, la abuela, un hermano o una hermana. Lo ideal es que todos los integrantes de la familia compartan las tareas y responsabilidades del cuidado en el hogar. Esto no solo previene el cansancio excesivo, sino que tambi\u00e9n fortalece el trabajo en equipo. Cuando el cuidado se concentra en un solo miembro, el sistema familiar pierde su equilibrio. Por ello, repartir las tareas favorece una estructura familiar m\u00e1s saludable y previene el desgaste emocional de quienes la conforman (P\u00e9rez-Bentancour, 2023; Risco &amp; Salazar, 2021; Minuchin, 1986).<\/p>\n\n\n\n<p>Frase \u00fatil: \u201cCada integrante puede aportar al cuidado; la madre o cuidadora principal no est\u00e1 sola\u201d.<\/p>\n\n\n<div class=\"wp-block-image\">\n<figure class=\"aligncenter size-full\"><img decoding=\"async\" loading=\"lazy\" width=\"386\" height=\"386\" src=\"https:\/\/www.gipps.org\/revistaredes\/wp-content\/uploads\/2026\/01\/image-7.jpeg\" alt=\"\" class=\"wp-image-1912\" srcset=\"https:\/\/www.gipps.org\/revistaredes\/wp-content\/uploads\/2026\/01\/image-7.jpeg 386w, https:\/\/www.gipps.org\/revistaredes\/wp-content\/uploads\/2026\/01\/image-7-300x300.jpeg 300w, https:\/\/www.gipps.org\/revistaredes\/wp-content\/uploads\/2026\/01\/image-7-150x150.jpeg 150w\" sizes=\"(max-width: 386px) 100vw, 386px\" \/><\/figure><\/div>\n\n\n<p><strong><em>3.&nbsp;&nbsp;&nbsp;&nbsp;&nbsp;&nbsp;&nbsp;&nbsp;&nbsp;&nbsp; HABLAR CON RESPETO Y CARI\u00d1O<\/em><\/strong><\/p>\n\n\n\n<p>El lenguaje tiene gran impacto en la forma en que las personas se sienten. Frases como \u201cno puede\u201d o \u201ces flojo\u201d pueden parecer inofensivas, pero da\u00f1an la autoestima. Por el contrario, emplear un tono amable y realizar preguntas respetuosas ayuda a que los ni\u00f1os y ni\u00f1as se sientan valorados, reconocidos y amados. En familias con hijos con discapacidad intelectual, una comunicaci\u00f3n consciente y afectuosa est\u00e1 vinculada a una mayor percepci\u00f3n de apoyo y bienestar emocional (Villavicencio-Aguilar, 2018)<\/p>\n\n\n\n<p>Frase \u00fatil: En vez de decir \u201c\u00a1Hazlo ya!\u201d, se puede preguntar si se requiere ayuda para realizar la tarea. Ejemplo: \u201c\u00bfQuieres que te ayude con esto?\u201d<\/p>\n\n\n\n<p><strong><em>4.&nbsp;&nbsp;&nbsp;&nbsp;&nbsp;&nbsp;&nbsp;&nbsp;&nbsp;&nbsp; CUIDAR A QUIEN CUIDA<\/em><\/strong><\/p>\n\n\n\n<p>Quien cuida tambi\u00e9n necesita descanso. El autocuidarse no es un acto ego\u00edsta, sino una necesidad para poder brindar una atenci\u00f3n adecuada. Dormir bien, pedir apoyo, dedicarse tiempo o simplemente tomar un respiro puede hacer una diferencia significativa. Estudios recientes muestran que las madres cuidadoras enfrentan altos niveles de estr\u00e9s, ansiedad y sobrecarga emocional, especialmente cuando no cuentan con redes de apoyo familiar o institucional (P\u00e9rez-Bentancour, 2023; Risco &amp; Salazar, 2021). Cuidarse para poder cuidar no solo es importante para el bienestar personal, sino tambi\u00e9n para mantener el equilibrio emocional y funcional de toda la familia (Revenga, 2024).<\/p>\n\n\n\n<p>Frase \u00fatil: \u201cEl autocuidado fortalece la capacidad de cuidar al resto de la familia\u201d.<\/p>\n\n\n\n<p><strong><em>5.&nbsp;&nbsp;&nbsp;&nbsp;&nbsp;&nbsp;&nbsp;&nbsp;&nbsp;&nbsp; BUSCAR APOYO SIN PENA<\/em><\/strong><\/p>\n\n\n\n<p>Pedir ayuda no significa debilidad; al contrario, refleja fortaleza. Acercarse a la escuela de los hijos, a especialistas o grupos comunitarios permite obtener nuevas ideas y, sobre todo, alivio emocional (Viscarret, 2014).<\/p>\n\n\n\n<p>Frase \u00fatil: \u201cEl acceso a redes de apoyo constituye una forma valiosa de continuar avanzando.<\/p>\n\n\n\n<p><strong><em>6.&nbsp;&nbsp;&nbsp;&nbsp;&nbsp;&nbsp;&nbsp;&nbsp;&nbsp;&nbsp; VALORAR CADA PEQUE\u00d1O LOGRO<\/em><\/strong><\/p>\n\n\n\n<p>Desde aprender a escribir el nombre hasta que logra hacer amigos, cada avance representa un logro significativo. Reconocerlos y expresar orgullo fortalece la seguridad y autoestima, lo cual favorece el rendimiento escolar y, en consecuencia, mejora la din\u00e1mica familiar (Mart\u00ednez-Chairez et al., 2020).<\/p>\n\n\n\n<p>Frase \u00fatil: \u201cLos logros, por peque\u00f1os que parezcan, son pasos valiosos en el crecimiento de cada persona\u201d.<\/p>\n\n\n\n<p><strong><em>REFLEXIONES FINALES<\/em><\/strong><\/p>\n\n\n\n<p>Cambiar la forma en que se vive y se afronta la discapacidad comienza desde casa. Numerosos estudios han demostrado que el entorno familiar tiene un papel decisivo en el desarrollo<\/p>\n\n\n\n<p>emocional, la autonom\u00eda y la calidad de vida de ni\u00f1as, ni\u00f1os y adolescentes con discapacidad intelectual (Casado-Gonz\u00e1lez, 2023). Esto significa que la mejoras que se realicen en la comunicaci\u00f3n, en la distribuci\u00f3n de tareas o en la manera de afrontar los desaf\u00edos diarios puede generar un impacto positivo no solo en el bienestar del menor y de la familia en su conjunto.<\/p>\n\n\n\n<p>Entonces, las familias que validan las emociones, buscan redes de apoyo y construyen relaciones afectivas basadas en el respeto y la colaboraci\u00f3n tienden a mostrar mayores niveles de resiliencia (Risco &amp; Salazar, 2021). En esta misma l\u00ednea, se ha encontrado que las familias manifiestan estr\u00e9s percibido y s\u00edntomas de depresi\u00f3n leve; sin embargo, mantienen altos niveles de resiliencia y confianza familiar (Casado-Gonz\u00e1lez et al. 2024) a\u00f1o). Por ello, fomentar el amor, la comprensi\u00f3n mutua y el reconocimiento de los peque\u00f1os logros no es un gesto menor, es la base de una vida familiar m\u00e1s saludable, inclusiva y esperanzadora.<\/p>\n\n\n\n<p>El enfoque sist\u00e9mico contribuye a comprender que no se trata solo de atender al ni\u00f1o, ni\u00f1a o adolescente con discapacidad intelectual, sino de mirar a toda la familia como una unidad que siente, se adapta y necesita apoyo en conjunto (Minuchin, 1986).<\/p>\n\n\n\n<p><strong><em>REFERENCIAS<\/em><\/strong><\/p>\n\n\n\n<p>Asociaci\u00f3n Americana de Discapacidades Intelectuales y de Desarrollo [AAIDD]. (2025). <em>Discapacidad intelectual: definici\u00f3n, clasificaci\u00f3n y sistemas de apoyo.<\/em> <a href=\"https:\/\/www.aaidd.org\/intellectual-disability\/faqs-on-intellectual-disability\">https:\/\/www.aaidd.org\/intellectual-disability\/faqs-on-intellectual-disability<\/a><\/p>\n\n\n\n<p>Casado-Gonz\u00e1lez, F., Mart\u00ednez-Lorca, M., Criado-\u00c1lvarez, J., Aguado, R., &amp; Mart\u00ednez-Lorca, A. (2024). Variables emocionales y psicol\u00f3gicas en las familias que tienen un hijo\/a con discapacidad. <em>MLS Psychology Research, 7<\/em>(1), 4-16. <a href=\"https:\/\/doi.org\/10.33000\/mlspr.v7i1.1765\">https:\/\/doi.org\/10.33000\/mlspr.v7i1.1765<\/a><\/p>\n\n\n\n<p>Casado-Gonz\u00e1lez, F., Mart\u00ednez-Lorca, M., Criado-\u00c1lvarez, J., &amp; Mart\u00ednez-Lorca, A. (2023). An\u00e1lisis del impacto emocional en familias con hijos\/as con un diagn\u00f3stico de discapacidad. <em>Revista Espa\u00f1ola De Discapacidad, 11<\/em>(2), 135-148. <a href=\"https:\/\/www.cedid.es\/redis\/index.php\/redis\/article\/view\/956\">https:\/\/www.cedid.es\/redis\/index.php\/redis\/article\/view\/956<\/a><\/p>\n\n\n\n<p>Mart\u00ednez-Chairez, G. I., Torres D\u00edaz, M. J., &amp; R\u00edos Cepeda, V. L. (2020). El contexto familiar y su vinculaci\u00f3n con el rendimiento acad\u00e9mico.&nbsp; <em>Revista de Investigaci\u00f3n Educativa de la REDIECH, 11<\/em>.&nbsp; <a href=\"https:\/\/doi.org\/10.33010\/ie_rie_rediech.v11i0.657\">https:\/\/doi.org\/10.33010\/ie_rie_rediech.v11i0.657<\/a><\/p>\n\n\n\n<p>Minuchin, S. (1986). <em>Familias y terapia familiar.<\/em> Gedisa.<\/p>\n\n\n\n<p>P\u00e9rez-Bentancour, K. (2023). Estudio sobre la carga de cuidado y el apoyo social percibido de cuidadoras de personas con discapacidad intelectual y\/o ps\u00edquica: Study on the burden of care and the perceived social support of caregivers of people with intellectual and\/or mental disabilities. <em>LATAM Revista Latinoamericana De Ciencias Sociales Y Humanidades, 4<\/em>(3), 344\u2013358. https:\/\/doi.org\/. <a href=\"https:\/\/doi.org\/10.56712\/latam.v4i3.1080\">https:\/\/doi.org\/10.56712\/latam.v4i3.1080<\/a><\/p>\n\n\n\n<p>Revenga, S. (2024). La necesidad de cuidar a quien cuida. Indiv. <em>Bolet\u00edn de estudios e investigaci\u00f3n. 24,<\/em> 32-49. https:\/\/doi.org\/10.37382\/INDIVISA.VI24.102<\/p>\n\n\n\n<p>Risco, C. &amp; Salazar, V. (2021). Carga y afrontamiento en cuidadores informales de ni\u00f1os con discapacidad intelectual. <em>Academo: Revista de Investigaci\u00f3n en Ciencias Sociales y Humanidades, 8<\/em>(1), 115\u2013128. <a href=\"https:\/\/latam.redilat.org\/index.php\/lt\/article\/view\/1080\">https:\/\/latam.redilat.org\/index.php\/lt\/article\/view\/1080<\/a><\/p>\n\n\n\n<p>Villavicencio-Aguilar, C., Romero Morocho, M., Criollo Armijos, M., y Pe\u00f1aloza Pe\u00f1aloza, W. (2018). Discapacidad y familia: Desgaste emocional. <em>ACADEMO, 5<\/em>(1), 89-98. <a href=\"https:\/\/www.redalyc.org\/pdf\/6882\/688273454010.pdf?utm_source=chatgpt.com\">https:\/\/www.redalyc.org\/pdf\/6882\/688273454010.pdf?utm_source=chatgpt.com<\/a><\/p>\n\n\n\n<p>Viscarret, J. J. (2014). <em>Modelos y m\u00e9todos de intervenci\u00f3n en trabajo social.<\/em> Alianza Editorial.<\/p>\n\n\n\n<hr class=\"wp-block-separator has-alpha-channel-opacity\"\/>\n\n\n\n<blockquote class=\"wp-block-quote\">\n<p><em>Las opiniones expresadas por los autores no necesariamente reflejan la postura del editor de la publicaci\u00f3n. Esta revista es una publicaci\u00f3n semestral en espa\u00f1ol, arbitrada, de acceso abierto y licenciamiento&nbsp;Creative Commons; puede ser reproducida con fines no lucrativos, siempre y cuando se cite la fuente completa y su direcci\u00f3n electr\u00f3nica. De otra forma requiere permiso previo por escrito.<\/em><\/p>\n<\/blockquote>\n","protected":false},"excerpt":{"rendered":"<div class=\"mh-excerpt\"><p>Dra. Gandhi Isabel Peralta Corona Profesora e Investigadora de Tiempo Completo Titular C en la Facultad de Trabajo Social Mazatl\u00e1n de la Universidad Aut\u00f3noma de <a class=\"mh-excerpt-more\" href=\"https:\/\/www.gipps.org\/revistaredes\/recomendaciones\/seis-consejos-para-familias-con-hijos-con-discapacidad-intelectual-como-fortalecer-el-bienestar-familiar\/\" title=\"SEIS CONSEJOS PARA FAMILIAS CON HIJOS CON DISCAPACIDAD INTELECTUAL: \u00bfC\u00d3MO FORTALECER EL BIENESTAR FAMILIAR?\">[&#8230;]<\/a><\/p>\n<\/div>","protected":false},"author":1,"featured_media":1913,"comment_status":"closed","ping_status":"closed","sticky":false,"template":"","format":"standard","meta":[],"categories":[7],"tags":[],"_links":{"self":[{"href":"https:\/\/www.gipps.org\/revistaredes\/wp-json\/wp\/v2\/posts\/1909"}],"collection":[{"href":"https:\/\/www.gipps.org\/revistaredes\/wp-json\/wp\/v2\/posts"}],"about":[{"href":"https:\/\/www.gipps.org\/revistaredes\/wp-json\/wp\/v2\/types\/post"}],"author":[{"embeddable":true,"href":"https:\/\/www.gipps.org\/revistaredes\/wp-json\/wp\/v2\/users\/1"}],"replies":[{"embeddable":true,"href":"https:\/\/www.gipps.org\/revistaredes\/wp-json\/wp\/v2\/comments?post=1909"}],"version-history":[{"count":2,"href":"https:\/\/www.gipps.org\/revistaredes\/wp-json\/wp\/v2\/posts\/1909\/revisions"}],"predecessor-version":[{"id":1944,"href":"https:\/\/www.gipps.org\/revistaredes\/wp-json\/wp\/v2\/posts\/1909\/revisions\/1944"}],"wp:featuredmedia":[{"embeddable":true,"href":"https:\/\/www.gipps.org\/revistaredes\/wp-json\/wp\/v2\/media\/1913"}],"wp:attachment":[{"href":"https:\/\/www.gipps.org\/revistaredes\/wp-json\/wp\/v2\/media?parent=1909"}],"wp:term":[{"taxonomy":"category","embeddable":true,"href":"https:\/\/www.gipps.org\/revistaredes\/wp-json\/wp\/v2\/categories?post=1909"},{"taxonomy":"post_tag","embeddable":true,"href":"https:\/\/www.gipps.org\/revistaredes\/wp-json\/wp\/v2\/tags?post=1909"}],"curies":[{"name":"wp","href":"https:\/\/api.w.org\/{rel}","templated":true}]}}