{"id":1564,"date":"2024-08-20T00:00:00","date_gmt":"2024-08-20T00:00:00","guid":{"rendered":"https:\/\/www.gipps.org\/revistaredes\/?p=1564"},"modified":"2024-08-21T23:05:13","modified_gmt":"2024-08-21T23:05:13","slug":"voces-y-perspectivas-uniendo-ideas-sobre-como-vivimos-hoy-en-dia-presentacion-del-numero","status":"publish","type":"post","link":"https:\/\/www.gipps.org\/revistaredes\/presentacion-numero\/voces-y-perspectivas-uniendo-ideas-sobre-como-vivimos-hoy-en-dia-presentacion-del-numero\/","title":{"rendered":"VOCES Y PERSPECTIVAS: UNIENDO IDEAS SOBRE C\u00d3MO VIVIMOS HOY EN D\u00cdA. PRESENTACI\u00d3N DEL NUMERO"},"content":{"rendered":"\n<p>Los sucesos actuales en el mundo nos permite vislumbrar grandes oportunidades de crecimiento y desarrollo personal, familiar y laboral, debido a que contamos con una amplia posibilidad para prepararnos t\u00e9cnica o profesionalmente, a su vez esto nos brinda un mayor numero de oportunidades para integrarnos al mundo laboral con mejores beneficios que impactaran directamente a nuestra vida familiar y personal, sin embargo podriamos mencionar todo lo contrario, que nos encontramos atravesando por sucesos que han logrado desorientar el mundo y ahora localizamos una alta confusi\u00f3n de identidades, un cambio dr\u00e1stico en las relaciones humanas que han desencadenado problemas en la socializaci\u00f3n y ante esto la convivencia de pareja o familiar se vuelve m\u00e1s complicada generando m\u00e1s divorcios, familias disfuncionales y mayores crisis personales. Lo anterior depender\u00e1 de la forma de analizar la situaci\u00f3n o del punto de vista sobre estos acontecimientos y precisamente es lo que queremos compartir con ustedes en torno a las ideas de c\u00f3mo vivimos hoy en d\u00eda dentro de este volumen 6 n\u00famero 2 de la Revista de Divulgaci\u00f3n Crisis y Retos en la Familia y Pareja.<\/p>\n\n\n\n<p>Dentro de las cuatro secciones que conforman la revista podremos analizar las diversas voces y perspectivas que los autores abordan en torno a las ideas sobre c\u00f3mo vivimos hoy en d\u00eda.<\/p>\n\n\n\n<p>Iniciando con la secci\u00f3n de investigaci\u00f3n, el Dr. Jes\u00fas Becerra y la Mtra. Evelin Galicia, nos comparten los resultados del estudio que realizan entorno a la premisa \u00bfexiste la reinserci\u00f3n social efectiva?, pregunta que nos genera una gran inquietud dado que en el pa\u00eds contamos con 314 centros penintenciarios en los que se debe de estar implementando estrategias efectivas de reinserci\u00f3n social, sin embargo los autores nos comparten en un an\u00e1lisis exahustivo de 7 programas educativos, laborales y de apoyo psicosocial, la necesidad de mejorar dichos programas sobre todo en el rubro de la reincidencia delictiva, para ello plantean una serie de recomendaciones centrada en la reeducaci\u00f3n integral y generaci\u00f3n de redes de apoyo para una apropiada reintegraci\u00f3n de personas a la sociedad.<\/p>\n\n\n\n<p>El segundo art\u00edculo presentado por el Dr. Oscar Negrete-Rodr\u00edguez y la Dra. Claudia Saucedo en donde nos comparten un an\u00e1lisis de los estados emocionales para fomentar una autoeficacia positiva de estudiantes universitarios de la modalidad a distancia, los autores abordan esta situaci\u00f3n en una poblaci\u00f3n con condiciones diversas como la edad, habilidades en el uso de la tecnolog\u00eda, entre otras, mediante un an\u00e1lisis cualitativo concluyen que la expresi\u00f3n de las emociones, positivas y negativas, a partir de la interacci\u00f3n en plataformas digitales tienen un papel importante para el fortalecimiento, brind\u00e1ndonos una nueva perspectiva de relacionarnos apoyados de la intecci\u00f3n mediada por las tecnolog\u00edas.<\/p>\n\n\n\n<p>En el tercer art\u00edculo las Dra. Luc\u00eda P\u00e9rez y la Dra. Georgina Castillo nos comparten un estudio en donde exploran \u00bfC\u00f3mo las mujeres redefinen sus identidades reescribiendo sus historias desde la sabidur\u00eda de sus experiencias?, identificando un acto de resistencia y demandando nuevas posibilidades para promover la igualdad de g\u00e9nero y reconocer las emociones en la investigaci\u00f3n y contribuci\u00f3n de las mujeres en la ciencia, aspecto que sin duda nos lleva a una reflexi\u00f3n de los desaf\u00edos que se han presentado para darnos cuenta de c\u00f3mo vivimos hoy en d\u00eda a\u00fan con una gran ausencia de equidad.<\/p>\n\n\n\n<p>El cuarto art\u00edculo a cargo de la Lic. Dulce Ram\u00edrez y la Dra. Consuelo Rosales, nos comparten un estudio en d\u00f3nde analizan las vivencias de las personas que viven con VIH sobre el estigma y la discriminaci\u00f3n que atraviesan a partir del conocimiento de su condici\u00f3n como personas seropositivas, este an\u00e1lisis nos permite reflexionar sobre las condiciones negativas que se generan derivado del estigma que se da a las personas con esta condici\u00f3n, barreras que impactan en la ausencia de prevenci\u00f3n, detecci\u00f3n y atenci\u00f3n, desencadenando una mayor nivel de discriminaci\u00f3n, podemos darnos cuenta que a m\u00e1s de 40 a\u00f1os de que inicio esta enfermedad y con los avances cientif\u00edcos que se tiene ahora continuamos viviendo hoy en d\u00eda a\u00fan con estos comportamientos negativos, sin duda el art\u00edculo brinda un espacio para darle voz a las personas que se encuentran atraviesando por esta condici\u00f3n y de la necesidad de apoyo que se requiere.<\/p>\n\n\n\n<p>Dentro de la secci\u00f3n de an\u00e1lisis se presentan tres art\u00edculos que nos permiten identificar diversos espacios en los que interactuamos y que nos brindan una idea de como vivimos hoy en d\u00eda.<\/p>\n\n\n\n<p>El primer art\u00edculo a cargo de la Mtra. Jessica Escalante nos presenta una reflexi\u00f3n sobre la definici\u00f3n del talento y su impacto en las organizaciones, dentro de este escrito nos presenta un recorrido historico sobre el concepto de talento, brindando claridad a que nos referimos como talento en las organizaciones hoy en d\u00eda, asimismo nos menciona la importancia de medir este concepto y la necesidad de ser valorado desde un enfoque financiero y finalmente llegar al enfoque actual que integra estos aspectos, identificando un constrcuto muy din\u00e1mico que ira evolucionando de acuerdo a los avances que el indivudo incorpore a su acciones dentro del campo laboral.<\/p>\n\n\n\n<p>Dentro de esta misma secci\u00f3n la Lic. Micaela Victoria nos plantea la fundamentaci\u00f3n de c\u00f3mo a partir de un ejercicio de parentalidad positiva se genera una alternativa para fortalecer la autoestima en la ni\u00f1ez. Dentro de este trabajo podemos identificar los diversos estilos de crianza que nos dan una visi\u00f3n sobre los elementos que interactuan en las relaciones padres-hijos y la relevancia de emplear una parentalidad positiva no s\u00f3lo en la autoestima de la ni\u00f1ez, sino tambien el clima familiar que se promueve es mucho m\u00e1s calido, adem\u00e1s de los beneficios a largo plazo que contempla esta din\u00e1mica.<\/p>\n\n\n\n<p>El tercer art\u00edculo a cargo de la Mtra. Dulce Velasco-Hern\u00e1ndez y el Dr. Omar Moreno-Almaz\u00e1n, abordan el tema sobre el PIN parental, que resulta una estrategia en la los padres pueden ser informados y dar su consentimiento previo para que sus hijos reciban educaci\u00f3n sobre temas sensibles, el an\u00e1lisis versa sobre si es una herramienta de protecci\u00f3n a los valores familiares o una forma de censura educativa, se plantean los or\u00edgenes y argumentos detr\u00e1s de la propuesta de reformay los riesgos para los derechos humanos de los ni\u00f1os, ni\u00f1as y adolescentes, si bien es necesario mantener controles a lo que pueden tener acceso, es importante no dejar de lado que la educaci\u00f3n permite garantizar una mejor calidad de vida en todos los \u00e1mbitos de desarrollo.<\/p>\n\n\n\n<p>En la secci\u00f3n de entrevista en este n\u00famero contamos con la participaci\u00f3n de la Dra. Silvia Plugiese, quien nos brinda desde su experiencia como abordar el tema de abuso sexual intrafamiliar, dentro de la entrevista explica las conductas de abuso sexual, los principios sociales que no permiten visualizar estas acciones, menciona las principal din\u00e1mica del abusador, las consecuencias en el menor y la necesidad de hablar sobre el tema para erradicar prejuicios y conductas que da\u00f1en la salud de los menores, adem\u00e1s del abordaje de algunos casos que ella ha atendido.<\/p>\n\n\n\n<p>Finalmente, en la secci\u00f3n de recomendaciones la Mtra. Maura Z\u00fa\u00f1iga nos comparte las importancia de le evaluaci\u00f3n psicol\u00f3gica, inica con la definici\u00f3n conceptual de la evaluaci\u00f3n psicol\u00f3gica y da paso a la exposici\u00f3n del papel que juega para la intervenci\u00f3n psicol\u00f3gica, c\u00f3mo es que se lleva a cabo y las consideraciones para contemplar si es necesario acudir a una evaluaci\u00f3n psicol\u00f3gica.<\/p>\n\n\n\n<p>Esperamos que este n\u00famero brinde una mayor difusi\u00f3n a estos temas desde la perspectiva de los especialistas que han abordado dando voz a todos los participantes en los diversos estudios, as\u00ed como la reflexi\u00f3n sobre diversos aspectos que en conjunto nos dan una \u00eddea de como vivimos hoy en d\u00eda.<\/p>\n\n\n<div class=\"wp-block-image\">\n<figure class=\"aligncenter size-full\"><img decoding=\"async\" loading=\"lazy\" width=\"351\" height=\"473\" src=\"https:\/\/www.gipps.org\/revistaredes\/wp-content\/uploads\/2024\/08\/Enriqeu-berra.jpg\" alt=\"\" class=\"wp-image-1565\" srcset=\"https:\/\/www.gipps.org\/revistaredes\/wp-content\/uploads\/2024\/08\/Enriqeu-berra.jpg 351w, https:\/\/www.gipps.org\/revistaredes\/wp-content\/uploads\/2024\/08\/Enriqeu-berra-223x300.jpg 223w\" sizes=\"(max-width: 351px) 100vw, 351px\" \/><\/figure><\/div>\n\n\n<p class=\"has-text-align-center\">Dr. Enrique Berra Ruiz<\/p>\n\n\n\n<p class=\"has-text-align-center\">Miembro del consejo editorial<\/p>\n\n\n\n<p class=\"has-text-align-center\"><strong>Universidad Nacional Aut\u00f3noma de M\u00e9xico. Facultad de Estudios Superiores Iztacala<\/strong><\/p>\n\n\n\n<p><strong><em>Copyright: \u00a9 2024 Revista de Divulgaci\u00f3n Crisis y Retos en la Familia y Pareja<\/em><\/strong><em><br>Esta es una revista de acceso abierto distribuida bajo los t\u00e9rminos&nbsp;de&nbsp;la licencia Creative Commons Reconocimiento-NoComercial-Compartir igual 4.0 Internacional, por lo que su contenido gr\u00e1fico y escrito se puede compartir, copiar y redistribuir total o parcialmente sin necesidad de permiso expreso de sus creadores con la \u00fanica condici\u00f3n de que no se puede usar con fines directamente comerciales y los t\u00e9rminos legales de cualquier trabajo derivado deben ser los mismos que se expresan en la presente declaraci\u00f3n. La \u00fanica condici\u00f3n es que se cite la fuente con referencia a la Revista y a sus creadores<\/em>.<\/p>\n","protected":false},"excerpt":{"rendered":"<div class=\"mh-excerpt\"><p>Los sucesos actuales en el mundo nos permite vislumbrar grandes oportunidades de crecimiento y desarrollo personal, familiar y laboral, debido a que contamos con una <a class=\"mh-excerpt-more\" href=\"https:\/\/www.gipps.org\/revistaredes\/presentacion-numero\/voces-y-perspectivas-uniendo-ideas-sobre-como-vivimos-hoy-en-dia-presentacion-del-numero\/\" title=\"VOCES Y PERSPECTIVAS: UNIENDO IDEAS SOBRE C\u00d3MO VIVIMOS HOY EN D\u00cdA. PRESENTACI\u00d3N DEL NUMERO\">[&#8230;]<\/a><\/p>\n<\/div>","protected":false},"author":1,"featured_media":1568,"comment_status":"closed","ping_status":"closed","sticky":false,"template":"","format":"standard","meta":[],"categories":[8],"tags":[],"_links":{"self":[{"href":"https:\/\/www.gipps.org\/revistaredes\/wp-json\/wp\/v2\/posts\/1564"}],"collection":[{"href":"https:\/\/www.gipps.org\/revistaredes\/wp-json\/wp\/v2\/posts"}],"about":[{"href":"https:\/\/www.gipps.org\/revistaredes\/wp-json\/wp\/v2\/types\/post"}],"author":[{"embeddable":true,"href":"https:\/\/www.gipps.org\/revistaredes\/wp-json\/wp\/v2\/users\/1"}],"replies":[{"embeddable":true,"href":"https:\/\/www.gipps.org\/revistaredes\/wp-json\/wp\/v2\/comments?post=1564"}],"version-history":[{"count":2,"href":"https:\/\/www.gipps.org\/revistaredes\/wp-json\/wp\/v2\/posts\/1564\/revisions"}],"predecessor-version":[{"id":1569,"href":"https:\/\/www.gipps.org\/revistaredes\/wp-json\/wp\/v2\/posts\/1564\/revisions\/1569"}],"wp:featuredmedia":[{"embeddable":true,"href":"https:\/\/www.gipps.org\/revistaredes\/wp-json\/wp\/v2\/media\/1568"}],"wp:attachment":[{"href":"https:\/\/www.gipps.org\/revistaredes\/wp-json\/wp\/v2\/media?parent=1564"}],"wp:term":[{"taxonomy":"category","embeddable":true,"href":"https:\/\/www.gipps.org\/revistaredes\/wp-json\/wp\/v2\/categories?post=1564"},{"taxonomy":"post_tag","embeddable":true,"href":"https:\/\/www.gipps.org\/revistaredes\/wp-json\/wp\/v2\/tags?post=1564"}],"curies":[{"name":"wp","href":"https:\/\/api.w.org\/{rel}","templated":true}]}}