{"id":1448,"date":"2024-06-07T06:00:09","date_gmt":"2024-06-07T06:00:09","guid":{"rendered":"https:\/\/www.gipps.org\/revistaredes\/?p=1448"},"modified":"2024-06-07T19:14:07","modified_gmt":"2024-06-07T19:14:07","slug":"cuales-son-las-implicaciones-de-la-salud-mental-en-entornos-carcelarios-un-enfoque-desde-la-psicologia-y-los-derechos-humanos","status":"publish","type":"post","link":"https:\/\/www.gipps.org\/revistaredes\/analisis\/cuales-son-las-implicaciones-de-la-salud-mental-en-entornos-carcelarios-un-enfoque-desde-la-psicologia-y-los-derechos-humanos\/","title":{"rendered":"\u00bfCUALES SON LAS IMPLICACIONES DE LA SALUD MENTAL EN ENTORNOS CARCELARIOS? UN ENFOQUE DESDE LA PSICOLOG\u00cdA Y LOS DERECHOS HUMANOS"},"content":{"rendered":"\n<p style=\"text-align:center\"><em>Mtra. Dulce Mar\u00eda Velasco-Hern\u00e1ndez<\/em><\/p>\n\n\n\n<p style=\"text-align:center\"><em>Acad\u00e9mica FES Iztacala, UNAM<\/em><\/p>\n\n\n\n<div class=\"wp-block-image\"><figure class=\"aligncenter is-resized\"><img decoding=\"async\" loading=\"lazy\" src=\"https:\/\/www.gipps.org\/revistaredes\/wp-content\/uploads\/2024\/05\/d.jpg\" alt=\"\" class=\"wp-image-1449\" width=\"185\" height=\"239\" srcset=\"https:\/\/www.gipps.org\/revistaredes\/wp-content\/uploads\/2024\/05\/d.jpg 314w, https:\/\/www.gipps.org\/revistaredes\/wp-content\/uploads\/2024\/05\/d-232x300.jpg 232w\" sizes=\"(max-width: 185px) 100vw, 185px\" \/><figcaption> Psic\u00f3loga y Victim\u00f3loga<br> Acad\u00e9mica de la UNAM, Campus Iztacala &nbsp;<a href=\"mailto:dulce.velasco@iztacala.unam.mx\">dulce.velasco@iztacala.unam.mx<\/a> <\/figcaption><\/figure><\/div>\n\n\n\n<p style=\"text-align:left\"><\/p>\n\n\n\n<hr class=\"wp-block-separator\"\/>\n\n\n\n<p><strong>Cita recomendada:<\/strong><\/p>\n\n\n\n<p>Velasco-Hern\u00e1ndez, D. (2024). \u00bfCuales son las implicaciones de la salud mental en entornos carcelarios? Un enfoque desde la psicolog\u00eda y los derechos humanos. <em>Revista de Divulgaci\u00f3n Crisis y Retos en la Familia y Pareja, 6<\/em>(1). 29-33. <a href=\"https:\/\/doi.org\/10.22402\/j.rdcrfp.unam.6.1.2024.585.29-33\">https:\/\/doi.org\/10.22402\/j.rdcrfp.unam.6.1.2024.585.29-33<\/a> \u00a0<\/p>\n\n\n\n<hr class=\"wp-block-separator\"\/>\n\n\n\n<p><strong>Resumen <\/strong><\/p>\n\n\n\n<p>La salud\nmental en la poblaci\u00f3n privada\nde la libertad es uno de los temas de los que menos\nse escribe dentro de la comunidad cient\u00edfica y esto puede deberse a la\ncomplejidad del sector en cuesti\u00f3n,\no incluso a la dificultad del acceso a los diversos\nCentros de Reinserci\u00f3n Social que existen a lo largo\ny ancho del pa\u00eds. El presente art\u00edculo tiene por objetivo realizar una revisi\u00f3n\nconceptual que permita exponer algunas implicaciones relativas a la salud mental\nen la poblaci\u00f3n en condici\u00f3n de reclusi\u00f3n, as\u00ed como lo se\u00f1alado en\ndiferentes instrumentos jur\u00eddicos. Resulta necesario establecer l\u00edneas de\ninvestigaci\u00f3n orientadas a la comunidad carcelaria que nos permita obtener\ndatos respecto al deterioro de\nla salud mental y su influencia vinculada con otros problemas como es la\nviolencia, la autolesi\u00f3n, e incluso el suicidio, esto con la intenci\u00f3n de coadyuvar\nen medidas de prevenci\u00f3n, intervenci\u00f3n y rehabilitaci\u00f3n para garantizar un\nsistema penitenciario que procura por el bienestar de sus habitantes.<\/p>\n\n\n\n<p><em>Palabras clave<\/em>: Salud mental, entornos penitenciarios, derechos humanos<\/p>\n\n\n\n<hr class=\"wp-block-separator\"\/>\n\n\n\n<p><em><strong>Estad\u00edsticas<\/strong><\/em><\/p>\n\n\n\n<p>El Cuaderno\nMensual de Informaci\u00f3n Estad\u00edstica Penitenciaria Nacional en su \u00faltimo dato de diciembre del a\u00f1o 2022 refiere que existen 228,530\npersonas privadas de la libertad\nde los cuales el 94.39% son hombres y el 5.61% son mujeres, si bien, es\nun n\u00famero sumamente inferior de las mujeres\nen comparaci\u00f3n con los hombres\nno se debe perder de vista\nque la criminalidad femenina va en aumento\ny en las prisiones se puede observar\ncada m\u00e1s su presencia.<\/p>\n\n\n\n<p><em><strong>Derechos Humanos de las Personas Privadas de la Libertad<\/strong><\/em><\/p>\n\n\n\n<p>En el Sistema\nIntramuros existe un abanico de factores de riesgo que pueden incidir en\ndiversas problem\u00e1ticas para las autoridades pero principalmente para sus\nhabitantes, en este sentido se encuentran elementos como el hacinamiento,\ncondiciones de autogobierno, ausencia de perspectiva de g\u00e9nero en las pol\u00edticas\ny acciones dirigidas a la poblaci\u00f3n femenil,\nimposici\u00f3n excesiva de la pena de prisi\u00f3n,\nfalta de personal capacitado, insuficiente atenci\u00f3n en salud m\u00e9dica y psicol\u00f3gica, es as\u00ed que dichos aspectos que se encuentran presentes en la\ncotidianidad tanto del personal como de los individuos que se encuentran\npurgando una sentencia o simplemente que se encuentran en un proceso jur\u00eddico\ny \u00e9ste a\u00fan no se ha resuelto, los afecta de igual forma\ne irremediablemente en sus Derechos Humanos\nsin que se pueda hacer algo al respecto (Comisi\u00f3n\nNacional de los Derechos\nHumanos [CNDH, 2022]).<\/p>\n\n\n\n<p>Es importante\nresaltar que el derecho a la salud mental, as\u00ed como la intervenci\u00f3n en las\nadicciones en la poblaci\u00f3n en general se encuentra establecido en el Art\u00edculo 73 de la ley general en\nmateria de salud mental y adicciones (Secretar\u00eda de Gobernaci\u00f3n [SEGOB], 2022)\nderecho que evidentemente se ha visto permeado\npor factores previamente mencionados, pero adem\u00e1s\nse le resta importancia por parte de las autoridades del sistema penitenciario ya que la asimetr\u00eda de poder es uno de los\nfactores que generan m\u00e1s afectaciones psicol\u00f3gicas debido a los distintos tipos\nde violencia que se generan en la prisi\u00f3n\nmuchas veces por los mismos funcionarios que laboran en las instituciones, el personal de\ncustodios e incluso por parte de los mismos grupos delincuenciales que surgen en estos centros\ny que generan autogobierno y violencia al interior\nde estos.<\/p>\n\n\n\n<p><em><strong>Factores que afectan la salud mental en las prisiones<\/strong><\/em><\/p>\n\n\n\n<p>Son m\u00faltiples los factores que afectan la salud mental en los entornos carcelarios, entre\nlos m\u00e1s comunes se encuentran; <strong>La privaci\u00f3n de la libertad, falta de contacto\nhumano significativo las condiciones de vida precarias, estr\u00e9s, abuso de\nsustancias, violencia<\/strong>, entre otros (CNDH, 2022). &nbsp;<\/p>\n\n\n\n<p>Estos factores\ncontribuyen al desarrollo de trastornos\nmentales y dificultan la salud mental de la poblaci\u00f3n privada de la libertad, consideremos, adem\u00e1s <strong>la estigmatizaci\u00f3n social y la falta de acceso a servicios de salud\nmental adecuados y eficientes que agravan m\u00e1s la situaci\u00f3n ya de por s\u00ed\ndelicada,<\/strong> en este sentido, es fundamental el acceso al servicio de salud\nmental en el Sistema Penitenciario (Carpio-Dom\u00ednguez, et al., 2023).<\/p>\n\n\n\n<p><em><strong>Consecuencias de la falta de atenci\u00f3n a la salud mental<\/strong><\/em><\/p>\n\n\n\n<p>La falta de atenci\u00f3n a la\nsalud mental en la poblaci\u00f3n privada de la libertad puede tener problemas\ngraves dentro de estos grupos ya que al no recibir una intervenci\u00f3n psicol\u00f3gica\neficiente llegan a desarrollar trastornos mentales, como estr\u00e9s postraum\u00e1tico,\ndepresi\u00f3n, ansiedad, trastornos del comportamiento alimentario como anorexia y\nbulimia y trastorno obsesivo compulsivo, entre los m\u00e1s comunes\n(L\u00f3pez, et al., 2022). Asimismo, parte de esta poblaci\u00f3n\npuede presentar alg\u00fan trastorno de la personalidad que favorezcan al desarrollo\nde alguna afectaci\u00f3n mental, a todo lo anterior, se le suman\nproblem\u00e1ticas de consumo\nde sustancias dentro de la poblaci\u00f3n, por lo que las personas con enfermedades mentales que habitan en el sistema penitenciario se vuelven vulnerables\na un problema complejo y dif\u00edcil de abordar\ndesde un enfoque pr\u00e1ctico.<\/p>\n\n\n\n<p><em><strong>Acceso a servicios de Salud Mental en el Sistema Penitenciario<\/strong><\/em><\/p>\n\n\n\n<p>Una adecuada\nsalud mental es un elemento fundamental en el proceso de reinserci\u00f3n o\nrehabilitaci\u00f3n de las personas privadas de su libertad, es as\u00ed que cobra\nespecial relevancia abordar los trastornos mentales\nen una manera profesional brindando\natenci\u00f3n de calidad que permita a los habitantes intramuros sostener de una forma m\u00e1s eficaz su estabilidad emocional durante\nsu estancia en dichos espacios (L\u00f3pez, 2021), tomando\ncomo base la premisa anterior, se hace necesario que el acceso\na servicios de salud mental se encuentren en todo momento disponibles para el\ninterno o interna que necesite ser ayudado de forma profesional.<\/p>\n\n\n\n<p>Por otro lado,\nL\u00f3pez, et al. (2022), refiere que la soluci\u00f3n real se encuentra en dise\u00f1ar un\nconjunto de intervenciones te\u00f3ricamente identificables, pero adem\u00e1s se encuentre en ellas\nun proceso validado con fundamento emp\u00edrico y que de preferencia \u00e9ste sea respaldado por actuaciones de evaluaci\u00f3n e intervenci\u00f3n desde una perspectiva\nde salud mental que se hayan realizado en diversos centros\npenitenciarios tanto de hombres como de mujeres,\ncon la finalidad de favorecer el cumplimiento de metas iniciales.<\/p>\n\n\n\n<p>Dichos autores a\nsu vez mencionan seis elementos que ellos consideran s\u00f3lidos para realizar\ndistintos abordajes en poblaci\u00f3n penitenciaria que presente trastornos mentales\ngraves, es as\u00ed como en principio considera:<\/p>\n\n\n\n<ol><li>El desarrollo de pol\u00edticas generales para incrementar la\nigualdad y la tolerancia social, siguiendo esta l\u00ednea busca la disminuci\u00f3n de\nconductas disfuncionales y la reducci\u00f3n de la criminalizaci\u00f3n.<\/li><li>Estrategias de intervenci\u00f3n\norientadas a la disminuci\u00f3n de las conductas delictivas en personas con\ntrastornos mentales graves.<\/li><li>La organizaci\u00f3n y\ncoordinaci\u00f3n de la actuaci\u00f3n del sistema judicial con la intenci\u00f3n de reducir\nla cantidad y duraci\u00f3n de los encarcelamientos, en general, pero consideran\ndicho sector con problemas de la salud mental. <\/li><li>Mejorar la atenci\u00f3n sanitaria en los Centros\nde Reinserci\u00f3n Social\ny c\u00e1rceles de todo\nel pa\u00eds, desde su identificaci\u00f3n a su atenci\u00f3n directa y combinada con los\nservicios sanitarios.<\/li><li>El establecimiento de estructuras o adecuaciones para la\natenci\u00f3n de la salud mental con la ingreso de personal altamente capacitado m\u00e1s\nall\u00e1 de la pr\u00e1ctica cl\u00ednica, se debe brindar una capacitaci\u00f3n especializada para el abordaje\ny atenci\u00f3n a personas que se\nencuentran privadas de la libertad.<\/li><li>La coordinaci\u00f3n de las dos anteriores con el sistemas\nsanitario y social\np\u00fablicos para favorecer la\nsalida de los internos a trav\u00e9s de mecanismos jur\u00eddicos, es decir, beneficios preliberaciones y que una vez que la persona\ncon la afectaci\u00f3n mental se encuentre en libertad, pueda seguir su\nproceso de atenci\u00f3n psicol\u00f3gica fuera del recinto penitenciario con la\nfinalidad de lograr una recuperaci\u00f3n en sus diversas esferas ps\u00edquicas.<\/li><\/ol>\n\n\n\n<p><em><strong>Algunas conclusiones mirando al futuro<\/strong><\/em><\/p>\n\n\n\n<p>Ha quedado\nestablecido que la salud mental en poblaci\u00f3n privada de la libertad es un tema\nde gran relevancia en el \u00e1mbito de la justicia y los derechos humanos, este art\u00edculo\ntuvo por objetivo realizar una revisi\u00f3n conceptual que permita exponer algunas\nimplicaciones relativas a la salud mental con personas en condici\u00f3n de reclusi\u00f3n,\nas\u00ed como lo se\u00f1alado en diferentes instrumentos jur\u00eddicos como es el caso de la\nComisi\u00f3n Interamericana de los Derechos Humanos ([CIDH], 2008) y la Comisi\u00f3n\nNacional de los Derechos Humanos ([CNDH], 2022), orientados a la atenci\u00f3n de la\nsalud f\u00edsica y mental en sus diversas esferas dentro de este sector de la\npoblaci\u00f3n en espec\u00edfico, el cual es considerado como un grupo vulnerable dada\nla prevalencia actual sobre dicha poblaci\u00f3n, que adem\u00e1s est\u00e1 sujeta a\nsituaciones espec\u00edficas tales como la sobrepoblaci\u00f3n,\nla estigmatizaci\u00f3n social y la falta de acceso a servicios de salud mental\nadecuados y eficientes, lo cual altera y reduce cualquier intento por preservar la salud. Tratar\nlos trastornos mentales y\nbrindar atenci\u00f3n efectiva ayudar\u00e1 a las personas a desarrollar habilidades para\nel manejo de las emociones, disminuir las conductas autolesivas e incluso los\nintentos de suicidio, <strong>revisar y<\/strong> <strong>atender esta problem\u00e1tica es un llamado\npara los profesionales de la salud mental\nya que es una medida\nurgente examinar las estrategias\nque ya se implementan en los\nCentros de Reinserci\u00f3n, <\/strong>as\u00ed como dise\u00f1ar\nl\u00edneas nuevas de actuaci\u00f3n\norientadas a la evaluaci\u00f3n, intervenci\u00f3n y tratamiento de las personas\nque presentan un trastorno o afectaci\u00f3n psicol\u00f3gica, la implementaci\u00f3n de pol\u00edticas p\u00fablicas\ny programas eficaces de\natenci\u00f3n en entornos carcelarios es un reto vigente con miras a establecer que la salud mental es un factor clave para reducir la reincidencia y promover\nuna verdadera integraci\u00f3n a la sociedad de las personas privadas de su\nlibertad. <strong><\/strong><\/p>\n\n\n\n<p><strong>REFERENCIAS<\/strong><strong><\/strong><\/p>\n\n\n\n<p>Carpio-Dom\u00ednguez,\nJ., Hern\u00e1ndez- Rodr\u00edguez, I. y Montoya-Coello, M. (2023). Trastornos mentales\nen el sistema penitenciario: una perspectiva desde el Comit\u00e9 T\u00e9cnico de las\nprisiones de Tamaulipas, M\u00e9xico. <em>Revista de Psicolog\u00eda y Ciencias del\nComportamiento de la Unidad Acad\u00e9mica de Ciencias Jur\u00eddicas y Sociales<\/em>.\n14(1), 11-36. DOI: 10.29059\/rpcc.20230615-155&nbsp;\n<\/p>\n\n\n\n<p>Comisi\u00f3n Interamericana de Derechos Humanos,\n([CIDH], 2008). <em>Principios y Buenas Pr\u00e1cticas sobre la Protecci\u00f3n de las Personas\nPrivadas de la Libertad en las Am\u00e9ricas.<\/em> https:\/\/<a href=\"http:\/\/www.oas.org\/es\/CIDH\/jsForm\/Default.asp?File=\/es\/cidh\/mandato\/basicos\/princi\">www.oas.org\/es\/CIDH\/jsForm\/Default.asp?File=\/es\/cidh\/mandato\/basicos\/princi<\/a> piosppl.asp <\/p>\n\n\n\n<p>Comisi\u00f3n Nacional de los\nDerechos Humanos. ([CNDH], 2022). <em>An\u00e1lisis situacional de los Derechos\nHumanos de las Personas privadas de la libertad<\/em>. https:\/\/informe.cndh.org.mx\/menu.aspx?id=30087<\/p>\n\n\n\n<p>Cuaderno Mensual de Informaci\u00f3n Estad\u00edstica Penitenciaria Nacional. (2020-2022). <em>Resumen de la Poblaci\u00f3n\nPrivada de la Libertad. <\/em>https:\/\/<a href=\"http:\/\/www.gob.mx\/prevencionyreadaptacion\/documentos\/cuaderno-mensual-de-\">www.gob.mx\/prevencionyreadaptacion\/documentos\/cuaderno-mensual-de-<\/a>informacion-estadistica-penitenciaria-nacional<\/p>\n\n\n\n<p>L\u00f3pez, M.\n(2021). <em>Sobre la salud mental y atenci\u00f3n en salud mental a la PPL en\nColombia.<\/em> [Tesis de pregrado en Derecho, Universidad de los Andes]\nRepositorio Institucional S\u00e9neca. <a href=\"https:\/\/repositorio.uniandes.edu.co\/bitstreams\/96e7822f-3d1a-4a4d-9ec1-f9ce40a39cd8\/download\">https:\/\/repositorio.uniandes.edu.co\/bitstreams\/96e7822f-3d1a-4a4d-9ec1-f9ce40a39cd8\/download<\/a> <\/p>\n\n\n\n<p>L\u00f3pez, M., Laviana, M., Saavedra, F. y L\u00f3pez,\nA. (2022). Problemas de salud mental\nen poblaci\u00f3n penitenciaria. Un enfoque de salud p\u00fablica. <em>Revista de la\nAsociaci\u00f3n Espa\u00f1ola de Neuropsiquiatr\u00eda<\/em>, 41(140), 87-111. doi: 10.4321\/S0211- 57352021000200005<\/p>\n\n\n\n<p>Organizaci\u00f3n de Naciones\nUnidas. ([ONU], 2010). <em>Consumo de drogas en poblaci\u00f3n privada de la libertad\ny la relaci\u00f3n entre el delito y droga.<\/em> Organizaci\u00f3n de las Naciones Unidas<\/p>\n\n\n\n<p>Organizaci\u00f3n Mundial de la\nSalud. ([OMS], 2023). Estr\u00e9s. <a href=\"https:\/\/www.who.int\/news-room\/questions-and-answers\/item\/stress\">https:\/\/www.who.int\/news-room\/questions-and-answers\/item\/stress<\/a> <\/p>\n\n\n\n<p>Secretaria de Gobernaci\u00f3n. ([SEGOB], 2022). Diario Oficial de la Federaci\u00f3n. https:\/\/<a href=\"http:\/\/www.dof.gob.mx\/nota_detalle.php?codigo=5652074&amp;fecha=16\/05\/2022&amp;gsc.tab\">www.dof.gob.mx\/nota_detalle.php?codigo=5652074&amp;fecha=16\/05\/2022#gsc.tab<\/a>=0<\/p>\n\n\n\n<blockquote class=\"wp-block-quote\"><p>Las opiniones expresadas por los autores no necesariamente reflejan la postura del editor de la publicaci\u00f3n. Esta revista es una publicaci\u00f3n semestral en espa\u00f1ol, arbitrada, de acceso abierto y licenciamiento <em>Creative Commons<\/em>; puede ser reproducida con fines no lucrativos, siempre y cuando se cite la fuente completa y su direcci\u00f3n electr\u00f3nica. De otra forma requiere permiso previo por escrito.<\/p><\/blockquote>\n","protected":false},"excerpt":{"rendered":"<div class=\"mh-excerpt\"><p>Mtra. Dulce Mar\u00eda Velasco-Hern\u00e1ndez Acad\u00e9mica FES Iztacala, UNAM Cita recomendada: Velasco-Hern\u00e1ndez, D. (2024). \u00bfCuales son las implicaciones de la salud mental en entornos carcelarios? Un <a class=\"mh-excerpt-more\" href=\"https:\/\/www.gipps.org\/revistaredes\/analisis\/cuales-son-las-implicaciones-de-la-salud-mental-en-entornos-carcelarios-un-enfoque-desde-la-psicologia-y-los-derechos-humanos\/\" title=\"\u00bfCUALES SON LAS IMPLICACIONES DE LA SALUD MENTAL EN ENTORNOS CARCELARIOS? UN ENFOQUE DESDE LA PSICOLOG\u00cdA Y LOS DERECHOS HUMANOS\">[&#8230;]<\/a><\/p>\n<\/div>","protected":false},"author":1,"featured_media":1460,"comment_status":"closed","ping_status":"closed","sticky":false,"template":"","format":"standard","meta":[],"categories":[4],"tags":[],"_links":{"self":[{"href":"https:\/\/www.gipps.org\/revistaredes\/wp-json\/wp\/v2\/posts\/1448"}],"collection":[{"href":"https:\/\/www.gipps.org\/revistaredes\/wp-json\/wp\/v2\/posts"}],"about":[{"href":"https:\/\/www.gipps.org\/revistaredes\/wp-json\/wp\/v2\/types\/post"}],"author":[{"embeddable":true,"href":"https:\/\/www.gipps.org\/revistaredes\/wp-json\/wp\/v2\/users\/1"}],"replies":[{"embeddable":true,"href":"https:\/\/www.gipps.org\/revistaredes\/wp-json\/wp\/v2\/comments?post=1448"}],"version-history":[{"count":2,"href":"https:\/\/www.gipps.org\/revistaredes\/wp-json\/wp\/v2\/posts\/1448\/revisions"}],"predecessor-version":[{"id":1461,"href":"https:\/\/www.gipps.org\/revistaredes\/wp-json\/wp\/v2\/posts\/1448\/revisions\/1461"}],"wp:featuredmedia":[{"embeddable":true,"href":"https:\/\/www.gipps.org\/revistaredes\/wp-json\/wp\/v2\/media\/1460"}],"wp:attachment":[{"href":"https:\/\/www.gipps.org\/revistaredes\/wp-json\/wp\/v2\/media?parent=1448"}],"wp:term":[{"taxonomy":"category","embeddable":true,"href":"https:\/\/www.gipps.org\/revistaredes\/wp-json\/wp\/v2\/categories?post=1448"},{"taxonomy":"post_tag","embeddable":true,"href":"https:\/\/www.gipps.org\/revistaredes\/wp-json\/wp\/v2\/tags?post=1448"}],"curies":[{"name":"wp","href":"https:\/\/api.w.org\/{rel}","templated":true}]}}