{"id":1409,"date":"2024-06-07T01:00:56","date_gmt":"2024-06-07T01:00:56","guid":{"rendered":"https:\/\/www.gipps.org\/revistaredes\/?p=1409"},"modified":"2024-06-07T17:46:31","modified_gmt":"2024-06-07T17:46:31","slug":"presentacion-del-volumen-6-numero-1","status":"publish","type":"post","link":"https:\/\/www.gipps.org\/revistaredes\/presentacion-numero\/presentacion-del-volumen-6-numero-1\/","title":{"rendered":"TRANSFORMANDO OBST\u00c1CULOS EN OPORTUNIDADES DE CRECIMIENTO. PRESENTACI\u00d3N DEL NUMERO"},"content":{"rendered":"\n<p style=\"text-align:left\">La Revista de\nDivulgaci\u00f3n \u00abCrisis y Retos en la Familia y Pareja\u00bb, en este volumen\nseis y su primer n\u00famero del a\u00f1o, titulado \u201cTransformando obst\u00e1culos en\noportunidades de crecimiento\u201d, celebra el d\u00e9cimo aniversario del Grupo de\nInvestigaci\u00f3n en Procesos Psicol\u00f3gicos y Sociales (GIPPS) con un n\u00famero\nespecial. Este ejemplar recopila investigaciones, revisiones y reflexiones de\nsus integrantes, reflejando su compromiso con la docencia innovadora, la investigaci\u00f3n\ny la intervenci\u00f3n en distintos grupos sociales.<\/p>\n\n\n\n<p>En la secci\u00f3n de\ninvestigaci\u00f3n, el primer art\u00edculo es presentado por la Mtra. Evelin Galicia y\nel Dr. Jes\u00fas Becerra, titulado \u00abLa reinserci\u00f3n social a trav\u00e9s de la\natenci\u00f3n psicopedag\u00f3gica: \u00bfExisten estrategias eficaces?\u00bb. Este escrito\ndestaca la importancia de la reinserci\u00f3n social de la poblaci\u00f3n privada de la\nlibertad y las acciones psicopedag\u00f3gicas efectivas llevadas a cabo en los\ncentros penitenciarios, enfatizando las dificultades y necesidades para mejorar\neste proceso, el cual requiere acciones de la sociedad en general y no solo de\nestos centros.<\/p>\n\n\n\n<p>El segundo\nart\u00edculo, \u00abEntendiendo el desarrollo del lenguaje en la primera\ninfancia\u00bb, es presentado por la Dra. Esperanza Guarneros y el Dr. Arturo\nSilva. Este trabajo se enfoca en la relevancia del desarrollo ling\u00fc\u00edstico en\nlos ni\u00f1os, se\u00f1alando c\u00f3mo puede generar oportunidades para mejorar sus\nrelaciones e interacciones, as\u00ed como su \u00e9xito social y acad\u00e9mico. Adem\u00e1s,\nofrece sugerencias de acciones sencillas que padres y docentes pueden promover\npara fortalecer estas habilidades.<\/p>\n\n\n\n<p>En la secci\u00f3n de\nan\u00e1lisis, se incluye el art\u00edculo \u00abLa salud: \u00bfde qui\u00e9n y desde d\u00f3nde?\u00bb\npropuesto por la Lic. Leticia B\u00e1ez. Este art\u00edculo invita a reflexionar sobre la\nnecesidad de abordar la salud desde una perspectiva de g\u00e9nero, destacando c\u00f3mo\nla desigualdad, la inequidad y la injusticia social han complejizado el acceso\na la atenci\u00f3n sanitaria.<\/p>\n\n\n\n<p>La Mtra. Fernanda\nLozano presenta el art\u00edculo \u00abInfluencia del ambiente en la conducta\nhumana: una perspectiva desde la psicolog\u00eda ambiental en M\u00e9xico\u00bb. Este\ntexto aborda la interacci\u00f3n bidireccional entre el ambiente y la conducta\nhumana, describiendo c\u00f3mo la psicolog\u00eda ambiental puede abordar problemas\nimportantes en nuestro pa\u00eds, promoviendo el bienestar comunitario y la\nconservaci\u00f3n de los recursos naturales.<\/p>\n\n\n\n<p>Para cerrar esta\nsecci\u00f3n, la Mtra. Dulce Velasco, en su art\u00edculo \u00abLa importancia de la\nsalud mental en los entornos penitenciarios\u00bb, expone los diversos factores\npsicol\u00f3gicos y sociales que afectan la salud mental de la poblaci\u00f3n privada de\nla libertad. Resalta los elementos que deben considerarse en las intervenciones\npara mejorar el bienestar y la reinserci\u00f3n social de esta poblaci\u00f3n.<\/p>\n\n\n\n<p>En la secci\u00f3n de\nentrevistas, se incluye una realizada por la Mtra. Talia Gonz\u00e1lez al Dr.\nRicardo S\u00e1nchez, titulada \u00abCuidando la salud emocional y sexual: la\nimportancia de la atenci\u00f3n psicol\u00f3gica para personas que viven con VIH\u00bb.\nEn esta entrevista se abordan los retos psicol\u00f3gicos y sexuales que los\npsic\u00f3logos deben atender para mejorar la calidad de vida de las personas con\nVIH.<\/p>\n\n\n\n<p>Finalmente, en la secci\u00f3n de recomendaciones, se presenta el art\u00edculo del Dr. David Enr\u00edquez, \u00ab\u00bfC\u00f3mo construir una vida plena?: sumar al bien-estar diario\u00bb, que ofrece evidencias cient\u00edficas sobre c\u00f3mo una persona puede promover su bienestar siguiendo el modelo PERMA. El segundo art\u00edculo, \u00abDesafiando obst\u00e1culos: \u00bfc\u00f3mo mejorar el desempe\u00f1o acad\u00e9mico?\u00bb, propuesto por la Mtra. Delia Arias, expone los desaf\u00edos educativos, sociales, econ\u00f3micos e institucionales que enfrentan los estudiantes y ofrece estrategias para gestionar mejor sus habilidades, tiempos y recursos para obtener mejores resultados acad\u00e9micos.<\/p>\n\n\n\n<p>En resumen, este n\u00famero nos muestra c\u00f3mo el psic\u00f3logo puede resolver y aportar en diversos \u00e1mbitos sociales, educativos y de la salud, convirtiendo las dificultades en oportunidades de mejora.<\/p>\n\n\n\n<div class=\"wp-block-image\"><figure class=\"aligncenter is-resized\"><img decoding=\"async\" loading=\"lazy\" src=\"https:\/\/www.gipps.org\/revistaredes\/wp-content\/uploads\/2024\/05\/Captura-de-pantalla-2024-05-27-a-las-7.57.45\u202fp.m..png\" alt=\"\" class=\"wp-image-1410\" width=\"263\" height=\"302\" srcset=\"https:\/\/www.gipps.org\/revistaredes\/wp-content\/uploads\/2024\/05\/Captura-de-pantalla-2024-05-27-a-las-7.57.45\u202fp.m..png 420w, https:\/\/www.gipps.org\/revistaredes\/wp-content\/uploads\/2024\/05\/Captura-de-pantalla-2024-05-27-a-las-7.57.45\u202fp.m.-261x300.png 261w\" sizes=\"(max-width: 263px) 100vw, 263px\" \/><figcaption>Dra. Sandra Ivonne Mu\u00f1oz Maldonado <br>Consejo Editorial<\/figcaption><\/figure><\/div>\n\n\n\n<p style=\"text-align:center\"><strong>Universidad Nacional Aut\u00f3noma de M\u00e9xico. Facultad de Estudios Superiores Iztacala<\/strong><\/p>\n\n\n\n<p><strong><em>Copyright: \u00a9 2024 Revista de Divulgaci\u00f3n Crisis y Retos en la Familia y Pareja<\/em><\/strong><em><br>Esta es una revista de acceso abierto distribuida bajo los t\u00e9rminos\u00a0de\u00a0la licencia Creative Commons Reconocimiento-NoComercial-Compartir igual 4.0 Internacional, por lo que su contenido gr\u00e1fico y escrito se puede compartir, copiar y redistribuir total o parcialmente sin necesidad de permiso expreso de sus creadores con la \u00fanica condici\u00f3n de que no se puede usar con fines directamente comerciales y los t\u00e9rminos legales de cualquier trabajo derivado deben ser los mismos que se expresan en la presente declaraci\u00f3n. La \u00fanica condici\u00f3n es que se cite la fuente con referencia a la Revista y a sus creadores<\/em>.<\/p>\n","protected":false},"excerpt":{"rendered":"<div class=\"mh-excerpt\"><p>La Revista de Divulgaci\u00f3n \u00abCrisis y Retos en la Familia y Pareja\u00bb, en este volumen seis y su primer n\u00famero del a\u00f1o, titulado \u201cTransformando obst\u00e1culos <a class=\"mh-excerpt-more\" href=\"https:\/\/www.gipps.org\/revistaredes\/presentacion-numero\/presentacion-del-volumen-6-numero-1\/\" title=\"TRANSFORMANDO OBST\u00c1CULOS EN OPORTUNIDADES DE CRECIMIENTO. PRESENTACI\u00d3N DEL NUMERO\">[&#8230;]<\/a><\/p>\n<\/div>","protected":false},"author":1,"featured_media":1426,"comment_status":"closed","ping_status":"closed","sticky":false,"template":"","format":"standard","meta":[],"categories":[8],"tags":[],"_links":{"self":[{"href":"https:\/\/www.gipps.org\/revistaredes\/wp-json\/wp\/v2\/posts\/1409"}],"collection":[{"href":"https:\/\/www.gipps.org\/revistaredes\/wp-json\/wp\/v2\/posts"}],"about":[{"href":"https:\/\/www.gipps.org\/revistaredes\/wp-json\/wp\/v2\/types\/post"}],"author":[{"embeddable":true,"href":"https:\/\/www.gipps.org\/revistaredes\/wp-json\/wp\/v2\/users\/1"}],"replies":[{"embeddable":true,"href":"https:\/\/www.gipps.org\/revistaredes\/wp-json\/wp\/v2\/comments?post=1409"}],"version-history":[{"count":4,"href":"https:\/\/www.gipps.org\/revistaredes\/wp-json\/wp\/v2\/posts\/1409\/revisions"}],"predecessor-version":[{"id":1452,"href":"https:\/\/www.gipps.org\/revistaredes\/wp-json\/wp\/v2\/posts\/1409\/revisions\/1452"}],"wp:featuredmedia":[{"embeddable":true,"href":"https:\/\/www.gipps.org\/revistaredes\/wp-json\/wp\/v2\/media\/1426"}],"wp:attachment":[{"href":"https:\/\/www.gipps.org\/revistaredes\/wp-json\/wp\/v2\/media?parent=1409"}],"wp:term":[{"taxonomy":"category","embeddable":true,"href":"https:\/\/www.gipps.org\/revistaredes\/wp-json\/wp\/v2\/categories?post=1409"},{"taxonomy":"post_tag","embeddable":true,"href":"https:\/\/www.gipps.org\/revistaredes\/wp-json\/wp\/v2\/tags?post=1409"}],"curies":[{"name":"wp","href":"https:\/\/api.w.org\/{rel}","templated":true}]}}