{"id":1150,"date":"2023-06-29T07:00:10","date_gmt":"2023-06-29T07:00:10","guid":{"rendered":"https:\/\/www.gipps.org\/revistaredes\/?p=1150"},"modified":"2023-06-30T01:39:42","modified_gmt":"2023-06-30T01:39:42","slug":"retos-sociales-y-familiares-ante-un-mundo-cambiante-presentacion-del-numero","status":"publish","type":"post","link":"https:\/\/www.gipps.org\/revistaredes\/presentacion-numero\/retos-sociales-y-familiares-ante-un-mundo-cambiante-presentacion-del-numero\/","title":{"rendered":"RETOS SOCIALES Y FAMILIARES ANTE UN MUNDO CAMBIANTE.  PRESENTACI\u00d3N DEL N\u00daMERO"},"content":{"rendered":"\n<p>\u201cRetos sociales y\nfamiliares ante un mundo cambiante\u201d es el t\u00edtulo del volumen 5 n\u00famero 1 de la\nRevista de Divulgaci\u00f3n Crisis y Retos en la Familia y Pareja. Como sociedad en\ngeneral y como familia en particular sufrimos de una transformaci\u00f3n contin\u00faa\ndonde la adaptaci\u00f3n a estos cambios no siempre resulta f\u00e1cil. En este n\u00famero se\npublican diversos art\u00edculos de inter\u00e9s basado en la reflexi\u00f3n de nuestros\nautores sobre los retos que tenemos frente a un mundo cambiante. <\/p>\n\n\n\n<p>Presentamos cinco art\u00edculos que abordan temas de an\u00e1lisis y una\nentrevista a un especialista, donde varios profesionistas nos comparten su\nexperiencia a lo largo de su trayectoria como profesionales de la salud\npsicol\u00f3gica.<\/p>\n\n\n\n<p>Iniciamos con la Lic. Ana Fabiola Llanos Quiroz y el Lic. Mario Alberto Prado Hern\u00e1ndez, con el art\u00edculo titulado \u201c\u00bfC\u00f3mo ayuda la terapia narrativa a resignificar la muerte de un ser querido por COVID-19?\u201d, donde mencionan que la Terapia Narrativa es una buena herramienta para trabajar el duelo en personas que sufrieron una p\u00e9rdida ambigua a causa de la&nbsp; COVID-19. &nbsp;<\/p>\n\n\n\n<p>El siguiente art\u00edculo lo realiz\u00f3 la Especialista Lic. Carolina Balma, titulado \u00bfC\u00f3mo son los v\u00ednculos parentales y de parentesco en las familias homoparentales?, la autora realiza un an\u00e1lisis sobre los nuevos lazos de parentesco y los roles parentales dentro de las familias homoparentales.<\/p>\n\n\n\n<p>El siguiente art\u00edculo de <em>an\u00e1lisis<\/em> \u201cLa ausencia de la familia y\nla presencia de lo inhumano en las empresas latina\u201d lo realiza el Lic. Jos\u00e9\nAlberto Cruz Jaramillo, donde el autor reflexiona como las empresas excluyen la\nparticipaci\u00f3n familiar en la vida del trabajador y lo inhumano de la cultura\nempresarial en la actualidad. <\/p>\n\n\n\n<p>Continuamos con \u201cLas vueltas de la vida\u201d de la Lic. Vanessa Molinario,\ndonde toca un tema muy sensible, el cuidado de los adultos mayores cuando no se\ncuenta con una buena relaci\u00f3n familiar, la autora profundiza en el tema y nos\nmenciona los derechos que tiene las personas mayores.<\/p>\n\n\n\n<p>El \u00faltimo art\u00edculo de <em>an\u00e1lisis<\/em> titulado \u201cProcesos de separaci\u00f3n y conflictividad conyugal \u00bfC\u00f3mo proteger a los hijos e hijas? realizado por la Lic. Gabriela Marquez, aborda la crisis que suelen pasar parejas al separarse, donde en la mayor\u00eda de los casos salen afectados los hijos e hijas, ocasion\u00e1ndoles alteraciones de conductas y estados de \u00e1nimo.  En la secci\u00f3n de <em>entrevista<\/em> tenemos a la Dra. Mar\u00eda Teresa Ambrosio Morales del Instituto de Investigaciones Jur\u00eddicas, de la Universidad Nacional Aut\u00f3noma de M\u00e9xico, que desde hace tres d\u00e9cadas, se encuentra trabajando en los temas de la victimolog\u00eda, homicidios, feminicidios y criminolog\u00eda, y que en la entrevistada realizada por la Mtra. Evelin Alejandra Galicia G\u00f3mez, nos comparte sus experiencias con el tema \u201cIntervenci\u00f3n de la victimolog\u00eda ante los casos de violencia contra las mujeres\u201d. <\/p>\n\n\n\n<div class=\"wp-block-image\"><figure class=\"aligncenter\"><img decoding=\"async\" loading=\"lazy\" width=\"207\" height=\"240\" src=\"https:\/\/www.gipps.org\/revistaredes\/wp-content\/uploads\/2023\/06\/image-8.png\" alt=\"\" class=\"wp-image-1151\"\/><figcaption>Mtra. Maura Z\u00fa\u00f1iga Rodr\u00edguez<br>Editora T\u00e9cnica <\/figcaption><\/figure><\/div>\n\n\n\n<p style=\"text-align:center\"><strong>Universidad Nacional Aut\u00f3noma de M\u00e9xico. Facultad de Estudios Superiores Iztacala<\/strong><\/p>\n\n\n\n<blockquote class=\"wp-block-quote\"><p><strong><em>Copyright: \u00a9 2022 Revista de Divulgaci\u00f3n Crisis y Retos en la Familia y Pareja<\/em><\/strong><em><br>Esta es una revista de acceso abierto distribuida bajo los t\u00e9rminos&nbsp;de&nbsp;la licencia Creative Commons Reconocimiento-NoComercial-Compartir igual 4.0 Internacional, por lo que su contenido gr\u00e1fico y escrito se puede compartir, copiar y redistribuir total o parcialmente sin necesidad de permiso expreso de sus creadores con la \u00fanica condici\u00f3n de que no se puede usar con fines directamente comerciales y los t\u00e9rminos legales de cualquier trabajo derivado deben ser los mismos que se expresan en la presente declaraci\u00f3n. La \u00fanica condici\u00f3n es que se cite la fuente con referencia a la Revista y a sus creadores<\/em><\/p><\/blockquote>\n","protected":false},"excerpt":{"rendered":"<div class=\"mh-excerpt\"><p>\u201cRetos sociales y familiares ante un mundo cambiante\u201d es el t\u00edtulo del volumen 5 n\u00famero 1 de la Revista de Divulgaci\u00f3n Crisis y Retos en <a class=\"mh-excerpt-more\" href=\"https:\/\/www.gipps.org\/revistaredes\/presentacion-numero\/retos-sociales-y-familiares-ante-un-mundo-cambiante-presentacion-del-numero\/\" title=\"RETOS SOCIALES Y FAMILIARES ANTE UN MUNDO CAMBIANTE.  PRESENTACI\u00d3N DEL N\u00daMERO\">[&#8230;]<\/a><\/p>\n<\/div>","protected":false},"author":1,"featured_media":1205,"comment_status":"closed","ping_status":"closed","sticky":false,"template":"","format":"standard","meta":[],"categories":[8],"tags":[],"_links":{"self":[{"href":"https:\/\/www.gipps.org\/revistaredes\/wp-json\/wp\/v2\/posts\/1150"}],"collection":[{"href":"https:\/\/www.gipps.org\/revistaredes\/wp-json\/wp\/v2\/posts"}],"about":[{"href":"https:\/\/www.gipps.org\/revistaredes\/wp-json\/wp\/v2\/types\/post"}],"author":[{"embeddable":true,"href":"https:\/\/www.gipps.org\/revistaredes\/wp-json\/wp\/v2\/users\/1"}],"replies":[{"embeddable":true,"href":"https:\/\/www.gipps.org\/revistaredes\/wp-json\/wp\/v2\/comments?post=1150"}],"version-history":[{"count":5,"href":"https:\/\/www.gipps.org\/revistaredes\/wp-json\/wp\/v2\/posts\/1150\/revisions"}],"predecessor-version":[{"id":1204,"href":"https:\/\/www.gipps.org\/revistaredes\/wp-json\/wp\/v2\/posts\/1150\/revisions\/1204"}],"wp:featuredmedia":[{"embeddable":true,"href":"https:\/\/www.gipps.org\/revistaredes\/wp-json\/wp\/v2\/media\/1205"}],"wp:attachment":[{"href":"https:\/\/www.gipps.org\/revistaredes\/wp-json\/wp\/v2\/media?parent=1150"}],"wp:term":[{"taxonomy":"category","embeddable":true,"href":"https:\/\/www.gipps.org\/revistaredes\/wp-json\/wp\/v2\/categories?post=1150"},{"taxonomy":"post_tag","embeddable":true,"href":"https:\/\/www.gipps.org\/revistaredes\/wp-json\/wp\/v2\/tags?post=1150"}],"curies":[{"name":"wp","href":"https:\/\/api.w.org\/{rel}","templated":true}]}}