{"id":1140,"date":"2023-06-29T13:00:09","date_gmt":"2023-06-29T13:00:09","guid":{"rendered":"https:\/\/www.gipps.org\/revistaredes\/?p=1140"},"modified":"2023-06-29T19:42:02","modified_gmt":"2023-06-29T19:42:02","slug":"intervencion-de-la-victimologia-ante-los-casos-de-violencia-contra-las-mujeres","status":"publish","type":"post","link":"https:\/\/www.gipps.org\/revistaredes\/entrevista\/intervencion-de-la-victimologia-ante-los-casos-de-violencia-contra-las-mujeres\/","title":{"rendered":"INTERVENCI\u00d3N DE LA VICTIMOLOG\u00cdA ANTE LOS CASOS DE VIOLENCIA CONTRA LAS MUJERES"},"content":{"rendered":"\n<p style=\"text-align:center\"> <img decoding=\"async\" loading=\"lazy\" width=\"221\" height=\"269\" class=\"wp-image-1141\" style=\"width: 130px;\" src=\"https:\/\/www.gipps.org\/revistaredes\/wp-content\/uploads\/2023\/06\/image-4.png\" alt=\"\"><\/p>\n\n\n\n<p style=\"text-align:center\">Entrevista a la Dra. Mar\u00eda Teresa Ambrosio Morales.<\/p>\n\n\n\n<p style=\"text-align:center\">  Instituto de Investigaciones Juridicas  <\/p>\n\n\n\n<p style=\"text-align:center\">Universidad Nacional Aut\u00f3noma de M\u00e9xico <\/p>\n\n\n\n<p>Realizada por: Mtra. Evelin Alejandra Galicia G\u00f3mez<\/p>\n\n\n\n<figure class=\"wp-block-embed-youtube wp-block-embed is-type-video is-provider-youtube wp-embed-aspect-16-9 wp-has-aspect-ratio\"><div class=\"wp-block-embed__wrapper\">\n<iframe loading=\"lazy\" title=\"Entrevista: Dra  Mari\u0301a Teresa Ambrosio Morales\" width=\"500\" height=\"281\" src=\"https:\/\/www.youtube.com\/embed\/m2A-3uI0Amk?feature=oembed\" frameborder=\"0\" allow=\"accelerometer; autoplay; clipboard-write; encrypted-media; gyroscope; picture-in-picture; web-share\" allowfullscreen><\/iframe>\n<\/div><\/figure>\n\n\n<p>Cita recomendada:<\/p>\n<p>Galicia, E. A. (2023). Intervenci\u00f3n de la victimolog\u00eda ante los casos de violencia contra las mujeres [Entrevista a Mar\u00eda Teresa Ambrosio Morales]. <em>Revista de Divulgaci\u00f3n Crisis y Retos en la Familia y Pareja,<\/em> <em>5<\/em>(1), 33-41. <a href=\"https:\/\/doi.org\/10.22402\/j.rdcrfp.unam.5.1.2023.539.33-41\">https:\/\/doi.org\/10.22402\/j.rdcrfp.unam.5.1.2023.539.33-41<\/a> \u00a0<\/p>\n\n\n<hr class=\"wp-block-separator\"\/>\n\n\n\n<p><strong>RESUMEN<\/strong><\/p>\n\n\n\n<p>Los casos de violencia contra las mujeres han tenido\nun incremento alarmante en los \u00faltimos meses, estos casos no solo quedan en\nagresiones f\u00edsicas, verbales o psicol\u00f3gicas, sino que han llegado a\nconsecuencias tan graves como la muerte de las mujeres que han sido v\u00edctimas de\nestos lamentables acontecimientos. La insensibilidad de algunas autoridades ante\nestos hechos nos hace preguntarnos: \u00bfqu\u00e9 se est\u00e1 haciendo en materia de\natenci\u00f3n a v\u00edctimas del delito? \u00bfc\u00f3mo ayuda la victimolog\u00eda en los casos de\nviolencia contra las mujeres?, estas interrogantes fueron respondidas por la <strong>Dra.\nMar\u00eda Teresa Ambrosio Morales<\/strong>, quien tiene una\namplia experiencia en estos temas, en la siguiente entrevista la doctora\nAmbrosio nos brinda un panorama de la importancia de la intervenci\u00f3n de la\nvictimolog\u00eda en los casos de violencia contra la mujer, su reflexi\u00f3n nos invita\na prevenir futuros actos de violencia y a hacer cambios en beneficio de nuestra\nsalud mental.<\/p>\n\n\n\n<p><strong>Palabras\nclave: <\/strong>victimolog\u00eda, violencia, atenci\u00f3n a v\u00edctimas,\nViolencia familiar.<strong><\/strong><\/p>\n\n\n\n<p><strong><em>Mtra. Evelin Alejandra Galicia G\u00f3mez<\/em><\/strong><strong><em><\/em><\/strong><\/p>\n\n\n\n<p>Muy bien, muy buenos d\u00edas, Doctora Mar\u00eda Teresa Ambrosio Morales, le agradezco much\u00edsimo a nombre de la revista de \u201cDivulgaci\u00f3n crisis y retos en la familia y pareja\u201d, el tiempo destinado a esta entrevista. Ha leer acerca de su trayectoria, me he percatado que tiene muchas publicaciones acerca de diversos tipos de violencia contra las mujeres y quisiera iniciar esta entrevista pregunt\u00e1ndole \u00bfA partir de d\u00f3nde surge el inter\u00e9s de realizar investigaciones acerca de las situaciones que viven actualmente las mujeres en nuestro pa\u00eds?<\/p>\n\n\n\n<div class=\"wp-block-image\"><figure class=\"aligncenter is-resized\"><img decoding=\"async\" loading=\"lazy\" src=\"https:\/\/www.gipps.org\/revistaredes\/wp-content\/uploads\/2023\/06\/image-7.png\" alt=\"\" class=\"wp-image-1145\" width=\"489\" height=\"326\" srcset=\"https:\/\/www.gipps.org\/revistaredes\/wp-content\/uploads\/2023\/06\/image-7.png 420w, https:\/\/www.gipps.org\/revistaredes\/wp-content\/uploads\/2023\/06\/image-7-300x200.png 300w\" sizes=\"(max-width: 489px) 100vw, 489px\" \/><\/figure><\/div>\n\n\n\n<p><strong>Dra. Mar\u00eda Teresa Ambrosio Morales<\/strong> <\/p>\n\n\n\n<p>Bueno,\nmi inquietud surge hace 33 a\u00f1os, porque tuve una amiga, una de mis mejores\namigas fue privada de la vida, por su novio, entonces eso pues me llev\u00f3 a\nbuscar justicia, as\u00ed fue como llegu\u00e9 actualmente a donde trabajo, que es el Instituto\nde Investigaciones jur\u00eddicas de la UNAM. Me indign\u00f3 mucho la situaci\u00f3n y en el\ncaso de ella, fue toda una labor que se hizo en conjunto con las personas que\nla conoc\u00edamos hasta lograr un cambio en ese momento en el C\u00f3digo Penal para el\ndistrito federal y para toda la Rep\u00fablica en materia de fuero federal en su\nmomento, fue una reforma al 303 fracci\u00f3n segunda con relaci\u00f3n a las lesiones\nmortales, porque ella sobrevivi\u00f3 a su agresi\u00f3n m\u00e1s de 60 d\u00edas que determinaba\nesta situaci\u00f3n, entonces a partir de ah\u00ed empec\u00e9 a trabajar los temas, en este\nmomento no estaba el tipo penal de feminicidio, pero hay enter\u00e1ndome, pues\nempec\u00e9 a ver las particularidades que tienen, la violencia contra las mujeres\nen los diferentes \u00e1mbitos, y as\u00ed fue como como me inici\u00e9, tanto la victimolog\u00eda,\ncomo en las cuestiones que tienen que trabajarse con homicidios, feminicidios y\ntambi\u00e9n en esta parte tambi\u00e9n de la criminolog\u00eda.<\/p>\n\n\n\n<p><strong><em>Mtra. Evelin Alejandra Galicia G\u00f3mez<\/em><\/strong><strong><em><\/em><\/strong><\/p>\n\n\n\n<p>Muy\nbien Doctora, qu\u00e9 lamentable que, por una situaci\u00f3n tan triste por esta\nagresi\u00f3n hacia su amiga, tengamos a veces que tener esa curiosidad de buscar\nque se hagan cosas diferentes, que se haga una diferencia, que se haga justicia,\ny bueno, actualmente \u00bfUsted cree que ha mejorado la atenci\u00f3n a las mujeres\nv\u00edctimas?<\/p>\n\n\n\n<p><strong>Dra. Mar\u00eda Teresa Ambrosio Morales<\/strong> <\/p>\n\n\n\n<p>Mire,\nes importante mencionar esto, M\u00e9xico ten\u00eda una trayectoria muy importante en\nmateria de atenci\u00f3n a v\u00edctimas, hemos sido pioneros en tener la primera Ley de\nv\u00edctimas del estado de M\u00e9xico en &nbsp;d\u00e9cada\ndel 60\u2019s, principios de los 70\u2019s, y tambi\u00e9n una reforma constitucional que hay\nque mencionar la tenemos el 03\/09\/93, es decir, este a\u00f1o este 03\/09\/2023, esta\nreforma constitucional para v\u00edctimas va a cumplir 30 a\u00f1os de vigencia, esto es\nmuy importante, por qu\u00e9 a partir de esta reforma se empieza a construir toda\nuna pol\u00edtica criminal con relaci\u00f3n a la atenci\u00f3n a las v\u00edctimas a trav\u00e9s de la\nley, entendiendo a la pol\u00edtica criminal, como est\u00e1 de acuerdo con la\ninterpretaci\u00f3n que hace el poder judicial en este sentido, que es c\u00f3mo lo\ndetermina la legislaci\u00f3n o el poder legislativo. Ha habido en este sentido la\ncreaci\u00f3n de leyes espec\u00edficas con relaci\u00f3n a las v\u00edctimas y lo vemos de manera\ndeductiva, creaci\u00f3n de instancias de atenci\u00f3n a v\u00edctimas y generar personal especializados,\ntenemos ah\u00ed un andamiaje amplio, y ya espec\u00edficamente con relaci\u00f3n a las\nmujeres, se ha trabajado mucho en este sentido, porque la violencia contra las\nmujeres ha generado estos avances en victimolog\u00eda. En este sentido, desde\nmodelos de atenci\u00f3n a v\u00edctimas de violencia familiar que, en su momento en el\ndistrito federal, la Dra. Mar\u00eda de la luz Lima Malvido, emprende estos modelos\nde atenci\u00f3n a v\u00edctimas y empiezan a generarse modelos m\u00e1s especializados,\nv\u00edctimas de violencia sexual, de secuestro y tambi\u00e9n hay que tomar en cuenta,\nsi lo observamos desde una l\u00ednea de tiempo, no solamente normativa, as v\u00edctimas\nhan estado mucho en esta parte de \u201csociedad civil\u201d, como organizaci\u00f3n de la\npoblaci\u00f3n que est\u00e1 buscando este espacio de justicia, pues llegar y es\nimportante decirlo, tenemos un andamiaje constitucional tenemos instalaciones,\ninfraestructuras espec\u00edficas y tenemos personal de atenci\u00f3n, y en el caso de en\neste sistema acusatorio, tenemos asesores o asesoras jur\u00eddicos de v\u00edctimas, y\nya en de manera m\u00e1s especializada, de acuerdo a la Ley general de acceso de las\nmujeres a una vida libre de violencia, como una ley marco que se replica en\ntodos los Estados, pues tenemos ya pr\u00e1cticamente en todos los Estados de\nnuestra Rep\u00fablica centros de justicia para mujeres y as\u00ed mismo, las comisiones\nejecutivas de v\u00edctimas, a trav\u00e9s de asesor\u00edas, las procuradur\u00edas o diferentes\ninstancias, porque ah\u00ed org\u00e1nicamente depende de d\u00f3nde se pueda tener a la a las\nasesor\u00edas, es este punto de acercar una valoraci\u00f3n integral que no es solamente\njur\u00eddica, es m\u00e9dica, psicol\u00f3gica, es de orden social, entonces yo creo que s\u00ed\nhemos tenido un avance, pero todav\u00eda este tenemos mucho que construir a nivel\nde justicia que sea eficaz y aqu\u00ed me gustar\u00eda mencionar, de acuerdo a lo que la\nComisi\u00f3n Interamericana de Derechos Humanos y la Organizaci\u00f3n de Estados\nAmericanos nos dicen relaci\u00f3n al acceso de las mujeres v\u00edctimas de delito en\nlas Am\u00e9ricas, que no es solamente un recurso procesal general, sino que tiene\nque ser un recurso adhoc para que las mujeres puedan tener ese acceso, tomando\nen cuenta elementos de interseccionalidad, como por ejemplo, discapacidad, que\nest\u00e9n privadas de libertad, por edad, que sean ni\u00f1as, que sean adolescentes,\nadultas mayores. Entonces, yo creo que esto en alg\u00fan momento se ha ido\navanzando en esa construcci\u00f3n, pero yo dir\u00eda que el gran pendiente Maestra, lo\ntenemos exactamente con relaci\u00f3n a una perspectiva sist\u00e9mica, ecol\u00f3gica, de\norden feminista, voy a meter, a nivel individual, a nivel familiar, a nivel\ncomunitario y a nivel social, porque todav\u00eda nos falta empat\u00eda y sensibilidad,\ny si planteamos esta parte cultural, pensemos en el trabajo que hizo nuestra\nuniversidad con relaci\u00f3n al gran diagn\u00f3stico 2017 que present\u00f3 en Mexicanos\nvistos por s\u00ed mismos, que nos dice que c\u00f3mo un indicador grave, que tomamos\ncomo parte de pr\u00e1cticamente m\u00e1s del 90% del de la encuesta lo dice as\u00ed, la\nviolencia familiar como algo com\u00fan en nuestra vida y eso es grav\u00edsimo, y otro\nindicador a\u00fan m\u00e1s grave, que tambi\u00e9n se ha tratado de erradicar a trav\u00e9s de los\ncambios normativos que es la violencia que se ejerce y eso tambi\u00e9n viene en\nesta en este diagn\u00f3stico de 2017 en contra de ni\u00f1as, ni\u00f1os y adolescentes como\nun recurso pedag\u00f3gico que en pleno siglo 21 y por los derechos humanos y el\ninter\u00e9s superior es totalmente inconcebible, un escenario as\u00ed.<\/p>\n\n\n\n<p><strong><em>Mtra. Evelin Alejandra Galicia G\u00f3mez<\/em><\/strong><strong><em><\/em><\/strong><\/p>\n\n\n\n<p>Que\ninteresante Doctora, y sobre todo, el saber que haya alternativas, que se est\u00e1\ntrabajando algo, pero tambi\u00e9n viene esta parte importante, la violencia que no\nse ve, usted hablaba de la victimolog\u00eda y los que estamos muy relacionados con\nel t\u00e9rmino, digo yo soy maestra en investigaci\u00f3n criminal y ciencias forenses,\nconozco el t\u00e9rmino de victimolog\u00eda pero para las personas que no lo conocen muy\na fondo, \u00bfQu\u00e9 ser\u00eda la victimolog\u00eda y qu\u00e9 importancia tiene que hagamos\ninvestigaci\u00f3n en victimolog\u00eda?<\/p>\n\n\n\n<p><strong>Dra. Mar\u00eda Teresa Ambrosio Morales<\/strong> <\/p>\n\n\n\n<p>Bueno,\nla victimolog\u00eda, vamos a tener que metodol\u00f3gica y doctrinalmente se considera, todav\u00eda\nporque aqu\u00ed es tambi\u00e9n posturas te\u00f3ricas o doctrinales, pero vamos a hacer un\nbreve l\u00ednea de tiempo la victimolog\u00eda iniciada por congesti\u00f3n y sistematizada\nya con un estudio de Benjam\u00edn Mendelsohn en m\u00e1s o menos la d\u00e9cada de los 60 se\nsistematizando la lo que ser\u00edan tipolog\u00edas vict\u00edmales con relaci\u00f3n a v\u00edctimas\nde delitos sexuales, pues inicia una etapa moderna de considerar a la victimolog\u00eda\nque sucede en la d\u00e9cada de los 80\u2019s m\u00e1s o menos cuando la victimolog\u00eda empieza a\ngenerar toda una serie de inquietudes, la dogm\u00e1tica penal la retoma, ahorita\nvoy a poner las 3 posturas para que esto quede m\u00e1s claro, a trav\u00e9s de lo que se\ndenomina v\u00edctima dogm\u00e1tica y que es exactamente analizar a nivel de tipos\npenales la participaci\u00f3n de la v\u00edctima y aqu\u00ed tenemos tratadistas, como con G\u00fcnther\nJakobs &nbsp;y tambi\u00e9n tenemos al doctor\nSch\u00fcnemann en un momento determinado de qu\u00e9 forma participa la v\u00edctima en auto\npuesta en peligro e ese proceso, tambi\u00e9n en un momento determinado de del\nan\u00e1lisis del tipo penal y, sobre todo, tambi\u00e9n el impacto que hay en el sistema\npenitenciario con estas determinaciones, posteriormente, en esa evoluci\u00f3n se\ngenera algo que se llama el Derecho victimario como una parte general, con\nestas con todos estos est\u00e1ndares internacionales de tratados y con una parte\nespecial que en un momento determinado nos va a decir qu\u00e9 modelos e integran\ntoda esta atenci\u00f3n a v\u00edctimas, cu\u00e1les son esas prerrogativas de la v\u00edctima, cu\u00e1les\nson esos est\u00e1ndares espec\u00edficos, y esto fue creado por la te\u00f3ricamente y\npr\u00e1cticamente a nivel de pol\u00edtica criminal e pol\u00edtica, victimolog\u00eda, por la\nautora Mar\u00eda de la luz Lima Malvido en la d\u00e9cada de los 90\u2019s o un poquito\nantes, que empez\u00f3 a trabajar el tema y ya m\u00e1s modernamente, a partir del 2000\nen adelante, digamos, 2010, el doctor Brent Turvey con la tendencia de la victimolog\u00eda\nforense que es como direccionamos a las investigaciones desde las de los\ncr\u00edmenes violentos, en un momento determinado para el an\u00e1lisis de las v\u00edctimas\ny en la postura de este autor, pues lo que hace la victimolog\u00eda forense no es\nsolamente la construcci\u00f3n de car\u00e1cter dogm\u00e1tica o doctrinal, sino que esto se\ndesahoga en las audiencias como una pericial y creo que es algo tambi\u00e9n\nimportante, y entonces, si tratamos de darle una definici\u00f3n a la victimolog\u00eda\npensar\u00edamos que la victimolog\u00eda va a ser y retom\u00f3 ah\u00ed a autores como el doctor\nBenjam\u00edn Mendelsohn y el doctor este Luis Rodr\u00edguez Manzanera la definir\u00eda como\nla investigaci\u00f3n o la investigaci\u00f3n de la v\u00edctima, la victimizaci\u00f3n y la v\u00edctimidad,\nque metodol\u00f3gicamente de acuerdo a los paradigmas del doctor Luis Rodr\u00edguez\nManzanera, pues vienen a ser el nivel de interpretaci\u00f3n de conductual, personal\ny general que tienen diferentes por cuestiones de aplicaci\u00f3n primera lo\nconductual para saber por qu\u00e9 una persona llega a ser v\u00edctima cuando se trabaja\ncon la v\u00edctima espec\u00edfica, pues ya estoy en la cuesti\u00f3n del proceso para saber\nqu\u00e9 es lo que vamos a trabajar tambi\u00e9n dentro del proceso con la v\u00edctima y ya\nde nivel general, pues por lo que va dictarse a nivel de pol\u00edtica criminal y\npol\u00edtica p\u00fablica ya en el dise\u00f1o de la ley y en las medidas que toma el estado\npara evitar esto y aqu\u00ed las 3 grandes posturas te\u00f3ricas por las que ha pasado\nla victimolog\u00eda, pues tienen que ver primera con considerada la victimolog\u00eda,\ndentro de la cl\u00e1sica definici\u00f3n de criminolog\u00eda de Ruiz Funes y tambi\u00e9n de\nQuiroz Cuar\u00f3n de considerarla como dentro de esa ciencia sint\u00e9tica, causal\nexplicativa de las conductas antisociales, entonces ah\u00ed tenemos en esa s\u00edntesis\na la criminolog\u00eda con la victimolog\u00eda en una amalgama, las 2 caras de la\nmoneda. Posteriormente, pues tambi\u00e9n dentro de del \u00e1mbito penal, por ejemplo,\nel doctor Jim\u00e9nez de As\u00faa dec\u00eda que ya el derecho penal analizaba esta parte de\nla v\u00edctima con relaci\u00f3n al sujeto pasivo del delito y el ofendidos a nivel\nprocesal y la tendencia moderna es considerada la victimolog\u00eda ya como una\nciencia aut\u00f3noma y entonces esto es importante, porque no solamente se ci\u00f1e a\nla parte jur\u00eddica o de derecho penal, la victimolog\u00eda tiene un \u00e1mbito de\naplicaci\u00f3n mucho m\u00e1s amplio, y esto, pues tambi\u00e9n no lo muestra la ley general\nde v\u00edctimas. Entonces yo creo que, eso es importante porque la consideraci\u00f3n\nque podemos tener puede ser por la Autoridad Federal o Estatal, por Servicio Pericial,\nFederal, estatal o tambi\u00e9n en alg\u00fan momento, la tendencia que se tome a nivel\nde los recursos con los que cuenta una instituci\u00f3n y otra tambi\u00e9n c\u00f3mo lo puede\ninterpretar el poder judicial ya a nivel de la de la propia jurisprudencia, de\nsus precedentes y la propia doctrina, que digamos que ah\u00ed tratamos de\nconsiderar, por su pregunta, que es una materia interdisciplinaria, porque,\nporque de victimolog\u00eda no solamente venimos del \u00e1rea jur\u00eddica de psicolog\u00eda o\npropiamente desde que criminolog\u00eda, la mayor parte de la formaci\u00f3n en\nvictimolog\u00eda a nivel de profesionalizaci\u00f3n viene como posgrado, como\nlicenciaturas con una vertiente ya al final de especializaci\u00f3n, porque al menos\nahorita de los datos que yo tengo investigados, no hay licenciaturas en\nvictimolog\u00eda hay especialidades, maestr\u00edas, doctorados, incluso posdoctorados\nya en algunos lugares estas propuestas, pero esto es muy importante por la\nnaturaleza que hay que tener inicial para el trabajo con las v\u00edctimas que tiene\nque ser muy completa, es una labor de equipo y sobre todo porque son procesos\ncomplejos de atenci\u00f3n.<\/p>\n\n\n\n<p><strong><em>Mtra. Evelin Alejandra Galicia G\u00f3mez<\/em><\/strong><strong><em><\/em><\/strong><\/p>\n\n\n\n<p>As\u00ed\nes, y \u00bfQu\u00e9 importancia tiene esto Doctora? Porque s\u00ed, efectivamente, no existe\nuna licenciatura que tenga su base en la victimolog\u00eda, bien lo dice usted, hay\nespecializaciones o se toma como una materia en los posgrados, pero esto es,\nmuy importante, por toda la violencia que se est\u00e1 generando, voy a esta parte\nde la importancia que tiene, pero digamos tenemos las violencias generales, los\nni\u00f1os sufren de violencia, los hombres tambi\u00e9n sufren violencia, pero \u00bfQu\u00e9 es\nlo que est\u00e1 pasando con la violencia hacia las mujeres? \u00bfQu\u00e9 importancia tiene\nque nosotros tambi\u00e9n hagamos investigaci\u00f3n acerca de esto? digo usted qu\u00e9 es la\nexperta \u00bfCu\u00e1l es la relevancia de hacer este de este tipo investigaciones?<\/p>\n\n\n\n<p><strong>Dra. Mar\u00eda Teresa Ambrosio Morales<\/strong> <\/p>\n\n\n\n<p>La violencia contra las mujeres es algo hist\u00f3rico y tenemos que pensarlo desde un punto de vista jur\u00eddico como una violaci\u00f3n a sus derechos humanos, instrumentos internacionales como Seda o Bel\u00e9n Do para que tenga que ver con temas de discriminaci\u00f3n que tiene que ver con temas de violencia, pues aun cuando tenemos m\u00e1s de ya algunas d\u00e9cadas de haber este adoptado, estos instrumentos tenemos ah\u00ed mucho que construir. Porque vuelvo a mexicanos listos por s\u00ed mismos no podemos aceptar adoptar, que la violencia familiar sea algo com\u00fan como algo como un proceso de naturalizar la violencia, contra ninguna mujer, ninguna persona que integra la familia en la tambi\u00e9n la sociedad o la comunidad, y esto es algo importante \u00bfPor qu\u00e9 sucede en alg\u00fan momento? Los movimientos que 8 M y estos movimientos y un d\u00eda sin nosotras, nos han mostrado es no solamente nuestra importancia a nivel econ\u00f3mico, en los roles, sino que implica tambi\u00e9n impartir, de que, como seres humanos, como personas que somos y parte tambi\u00e9n de estas sociedades no podemos concebir en un momento determinado que las personas que nos tiene que brindar en alg\u00fan momento apoyo que nos tiene que brindar se seguridad afectiva, este en alg\u00fan momento, solidaridad se genere ah\u00ed las violencias y como usted lo comenta en plural, porque la OMS as\u00ed lo determina y en un momento determinado, si nos vamos al ENVIPE bueno, todas las ENVIPES que ha habido, parto de la de la reciente del 2022, pues nos damos cuenta que en un momento determinado el hogar, pues brindamos nuestros hogares, les ponemos rejas, cambiamos cerraduras, ventanas, hasta ponemos un perro guardi\u00e1n para que cuide nuestros hogares, pero \u00bfQu\u00e9 sucede cuando esa violencia se genera en nuestros hogares? Y esto es algo muy importante, el impacto que tiene la violencia contra las mujeres, no solamente desde el punto de vista de las violencias convencidas Que privan ya de la vida a las mujeres si no pensando el impacto en la salud p\u00fablica que representa las violencias contra las mujeres y esto es importante porque va desde lo f\u00edsico hasta la salud mental y emocional, entonces, esto es importante tambi\u00e9n porque en alg\u00fan &nbsp;momento las mujeres se torna tambi\u00e9n en esto, como ese factor social de cambio y como lo dec\u00eda desde hace un momento, necesitar\u00edamos pensar que tenemos que cambiar nuestra cultura si pensamos en una tienda 2030, cuyo eje rector y sus 17 objetivos tienen que ver con la educaci\u00f3n que necesitamos en llegar a una realidad en donde la cultura de paz y la educaci\u00f3n para la paz con relaci\u00f3n en la intersecci\u00f3n realidad, la perspectiva de g\u00e9nero, infancia e interculturalidad, sea algo que no tomemos en cuenta y sobre todo, por qu\u00e9 la importancia? Porque cuando vemos en indicadores econ\u00f3micos en el Banco Mundial, pues s\u00ed, impacta no solamente en el sector de la salud p\u00fablica, sino tambi\u00e9n en la cuesti\u00f3n econ\u00f3mica por todo lo que implica este la presencia de nosotras las mujeres en todos los sistemas. <\/p>\n\n\n\n<div class=\"wp-block-image\"><figure class=\"aligncenter\"><img decoding=\"async\" loading=\"lazy\" width=\"500\" height=\"333\" src=\"https:\/\/www.gipps.org\/revistaredes\/wp-content\/uploads\/2023\/06\/image-5.png\" alt=\"\" class=\"wp-image-1142\" srcset=\"https:\/\/www.gipps.org\/revistaredes\/wp-content\/uploads\/2023\/06\/image-5.png 500w, https:\/\/www.gipps.org\/revistaredes\/wp-content\/uploads\/2023\/06\/image-5-300x200.png 300w\" sizes=\"(max-width: 500px) 100vw, 500px\" \/><\/figure><\/div>\n\n\n\n<p><strong><em>Mtra. Evelin Alejandra Galicia G\u00f3mez<\/em><\/strong><strong><em><\/em><\/strong><\/p>\n\n\n\n<p>As\u00ed\nes doctora, somos y estamos presentes en todos los sistemas y efectivamente,\nesta parte del cambio cultural, porque esto lo tenemos arraigado desde\nmuch\u00edsimos a\u00f1os atr\u00e1s y apenas estamos viendo como ciertos cambios, pero aparte\ndel cambio en la cultura, \u00bfQu\u00e9 otras acciones se podr\u00edan tomar para bajar estos\n\u00edndices tan alarmantes de violencia en la sociedad?<\/p>\n\n\n\n<p><strong>Dra. Mar\u00eda Teresa Ambrosio Morales<\/strong> <\/p>\n\n\n\n<p>Pues\ntendr\u00edamos que pensar, maestra Evelin, quiero pensar centrada, que necesitamos\nsaber la dimensi\u00f3n de lo que tenemos, le voy a dar un dato del d\u00eda de hoy que\ncheque 22\/05\/2023 a las 8:00 de la ma\u00f1ana el Banco Nacional de Violencia contra\nlas mujeres ten\u00eda registrado un total de 1519155 casos de violencia contra las\nmujeres deseo es generadores de violencia 1137039 hombres y 57897 mujeres con.<\/p>\n\n\n\n<p>(Ocurre\nuna interferencia)<\/p>\n\n\n\n<p><strong>Dra. Mar\u00eda Teresa Ambrosio Morales<\/strong> <\/p>\n\n\n\n<p>Bueno,\npartimos de que hoy 22\/05\/2023 a las 8:00 de la ma\u00f1ana, se ten\u00edan registrados\n1519155 casos de violencia en contra de las mujeres, en donde 1137039 eran\nhombres generadores de violencia, 57897 mujeres generadoras de violencia y el\nsexo no especificado, 297766 persona este que generan violencia, \u00f3rdenes de\nprotecci\u00f3n que se han dictado 202737, y servicios otorgados 2343080.<\/p>\n\n\n\n<p>La modalidad de violencia m\u00e1s alta es la familiar y el tipo de violencia son 2, pero mayormente es la psicol\u00f3gica y la f\u00edsica, entonces aqu\u00ed es importante que personas son las agresoras y en qu\u00e9 lugares, bueno, pues en un momento determinado, como personas agresoras se presentan en un momento determinado, integrantes de la familia y tambi\u00e9n a nivel psicol\u00f3gico, es un momento determinado, de acuerdo a endure en 2022, con relaci\u00f3n a madre, a hermanos, padre y madre, en ese orden que se ejerce m\u00e1s violencia a nivel f\u00edsico, hermanos, madre y padre, y a nivel sexual primo, t\u00edo, otro familiar y a nivel econ\u00f3mico, padre, madre o hermano, en lugares donde se ha experimentado esta violencia, la mayor\u00eda han sido en casa de la mujer entonces, en alg\u00fan momento, pues esto es importante y esto tambi\u00e9n porque implica que necesitamos pensar, tuvimos una \u00faltima encuesta de cohesi\u00f3n social, que fue los \u00faltimos datos de 2014-15, porque es que generan los la principalmente pues estas cuestiones familiares, primera, por la divisi\u00f3n de los trabajos que hay que hacer en el hogar, entonces eso pues es c\u00f3mo nos organizamos para para cumplir roles y tambi\u00e9n dividirnos las actividades otra, la forma que tenemos de resolver esto en nuestras familias de acuerdo a esta encuesta de cohesi\u00f3n social y 2014-15, pues nos dice que es no dirigi\u00e9ndonos la palabra entonces se rompe toda comunicaci\u00f3n y la ley del hielo, pues es una forma tambi\u00e9n de violencia, el no hablarse no comunicarse, entonces \u00bfQu\u00e9 necesitamos licenciada?, poder medir en tiempo real, porque qu\u00e9 sucede, cuando hablaba yo de que es un problema de salud p\u00fablica que ya tenemos una norma oficial espec\u00edfica que se tiene que trabajar en los servicios de salud. Cuando una mujer llega una ni\u00f1a o un adolescente por violencia se tiene que activar todo un programa de atenci\u00f3n pero qu\u00e9 sucede muchas veces lo que se registra en el sector salud, ya no me llega a sistema de justicia penal, y no porque todo tenga que pensarse en una pena privativa de libertad, pero hay momentos en que la impunidad generan un elemento de riesgo y no un factor de protecci\u00f3n, entonces aqu\u00ed lo interesante es porque esa es la parte de imaginemos la figura de un embudo, la entrada es el servicio de salud y lo que llega al final es exactamente el sistema de justicia,&nbsp; entonces, lo grave de esto es por las cifras que le estoy mostrando, que ya lleva pues pr\u00e1cticamente un muy buen tiempo, pues es que no tenemos muchas cuestiones registradas porque muchas veces tambi\u00e9n no se percibe esos tipos de violencia. Lo que usted comenta en alg\u00fan momento, hay violencias que no se perciben como violencias porque son patrones culturales que est\u00e1n muy arraigados, entonces, \u00bfQu\u00e9 sucede en alg\u00fan momento? Y M\u00e9xico tenemos esta experiencia con ya con una sentencia que marca un precedente importante, y es que, ya no quisiera mencionar tan solo a M\u00e9xico ni a Am\u00e9rica Latina, nuestra regi\u00f3n, sino al a nivel mundial que es la sentencia de campo algodonero del a\u00f1o 2009, con relaci\u00f3n a los feminicidios en Ciudad Ju\u00e1rez, entonces esto lo tenemos que tomar como una pol\u00edtica p\u00fablica con un amplia actuaci\u00f3n por parte no solamente del Estado a nivel federal, estatal, municipal, el poder ejecutivo y legislativo judicial, sino la sociedad civil, las familias, las comunidades tenemos que formular, vamos a una Agenda 2030 estamos a 7 escasos a\u00f1os de llegar al 2030. \u00bfEn qu\u00e9 condiciones? Y tomando en cuenta, vuelvo a comentarlo variable de COVID, ah\u00ed hubo tambi\u00e9n much\u00edsimas situaciones que se generaron por estar en nuestra casa en a veces no tener opciones de escapar de esa, fortaleza que dec\u00eda yo, de acuerdo con envipe 2022 que esa encuesta es espec\u00edfica para victimizaci\u00f3n y temas de seguridad p\u00fablica entonces en&nbsp; un momento determinado, c\u00f3mo podemos ir trabajando para que estas nuevas generaciones de personas que se est\u00e1n formando en las familias tengan una mejor perspectiva de desarrollo y no preocuparse por las violencias que se pueden estar generando dentro del lugar, sino tambi\u00e9n en alg\u00fan momento lo que est\u00e9 pasando fuera, porque al final licenciada, lo tendr\u00edamos que pensar tambi\u00e9n, ahorita hablamos de personas, pero qu\u00e9 pasa, por ejemplo, en las familias cuando tambi\u00e9n hay animales de compa\u00f1\u00eda, lo que la gente conoce como mascotas, que ya hay tambi\u00e9n pr\u00e1cticamente todo el pa\u00eds tiene tipos penales en este sentido, a nivel general y estatal. Entonces, en alg\u00fan momento porque menciono los animales de compa\u00f1\u00eda, porque tambi\u00e9n ahora, dentro de este an\u00e1lisis de las familias, pues hay familias, inter-especies, perd\u00f3n, multi especie. Entonces en alg\u00fan momento, pues esto tambi\u00e9n hab\u00eda convertido en si pensamos en diferentes tipos de violencias contra las mujeres, esto tambi\u00e9n puede ser un indicador cualitativo en un momento determinado, no es cualquier situaci\u00f3n porque por ejemplo en el caso de ruptura de objetos o que hay un ataque directo al animal de compa\u00f1\u00eda que tenga una mujer, por ejemplo, pues es un indicador que se encuentra en el Protocolo de Femicidios y femicidios de una mujer, es como un an\u00e1lisis cualitativo a nivel de la el lugar de este le llaman ah\u00ed la escena del crimen con relaci\u00f3n a la importancia que tenemos de un evento que se d\u00e9 que parecer\u00eda no mayor hasta que podamos tener la privaci\u00f3n de la vida de una mujer y que no se analice en su conjunto que exista impunidad y que tambi\u00e9n no haya estos procesos de cultura de paz, educaci\u00f3n para la paz de car\u00e1cter educativo, que s\u00ed en algunos tipos penales, en algunos programas est\u00e1 pero no es suficiente.<\/p>\n\n\n\n<figure class=\"wp-block-image\"><img decoding=\"async\" loading=\"lazy\" width=\"518\" height=\"423\" src=\"https:\/\/www.gipps.org\/revistaredes\/wp-content\/uploads\/2023\/06\/image-6.png\" alt=\"\" class=\"wp-image-1143\" srcset=\"https:\/\/www.gipps.org\/revistaredes\/wp-content\/uploads\/2023\/06\/image-6.png 518w, https:\/\/www.gipps.org\/revistaredes\/wp-content\/uploads\/2023\/06\/image-6-300x245.png 300w\" sizes=\"(max-width: 518px) 100vw, 518px\" \/><\/figure>\n\n\n\n<p><strong><em>Mtra. Evelin Alejandra Galicia G\u00f3mez<\/em><\/strong><strong><em><\/em><\/strong><\/p>\n\n\n\n<p>Si\ntodav\u00eda nos hace falta mucho trabajo por hacer en torno a todo a todo este tema\ny bueno para finalizar, este Doctora, bueno, hace rato coment\u00e1bamos justamente\nde estas se\u00f1ales imperceptibles que luego hay dentro de un entorno social o\nfamiliar, como usted lo dec\u00eda hace un momento, la lucha en la violencia se\ngenera dentro de los mismos hogares de las mujeres, entonces, en este caso de \u00bfCu\u00e1les\nser\u00edan digamos, estas \u201cllamaditas de atenci\u00f3n\u201d para que una mujer que pueda\ndetectar que est\u00e1 haciendo v\u00edctima de violencia?<\/p>\n\n\n\n<p><strong>Dra. Mar\u00eda Teresa Ambrosio Morales<\/strong> <\/p>\n\n\n\n<p>Primera,\npues es muy importante conocer nuestros derechos, eso es importante, tener\nacceso a toda la informaci\u00f3n legal de la cual, somos este, pues como decirle, \u201ctitulares\u201d&nbsp; como como personas otra que tiene que ver\ntambi\u00e9n de conocer los servicios que se brindan, y otra tambi\u00e9n muy importante,\nesto voy a dar un dato de endireh 2022, 78.3% de mujeres en los casos de\nviolencia en pareja no presentaron queja o denuncia, entonces esto es alt\u00edsimo,\nporque cuando nos damos cuenta exactamente qu\u00e9 es lo que est\u00e1 pasando, tenemos\npor ah\u00ed algo que se llama el violento metro que hice el Instituto Polit\u00e9cnico\nnacional y digamos que es como una escala que va desde una un comentario hiriente,\nhasta ser privadas de la vida, entonces esto qu\u00e9 significa que necesitamos ver\nc\u00f3mo va variando en un momento determinado, estas nuevas formas de violencia,\nporque en alg\u00fan momento se tienen que generar, las violencias van evolucionando\nen tema de violencias contra las mujeres, ahorita le comentaba por ejemplo, esta\nparte de animales de compa\u00f1\u00eda, cuando son sustra\u00eddos cuando son este privados\nde la vida, otra, por ejemplo, en cuestiones espec\u00edficas que no solamente est\u00e1n\nen el \u00e1mbito penal, sino familiar, y ah\u00ed tenemos lo que se est\u00e1 replicando, que\ninici\u00f3 en Puebla la ley monz\u00f3n en un momento, las violencias digitales en un\nmomento determinado, o sea aqu\u00ed, si yo tuviera que hacer toda una relaci\u00f3n de\ntipos de violencia el protocolo de Naciones Unidas de una mujeres nos da 37\nindicadores a nivel forense, digamos que los de las diferentes formas, tipos y\nmodalidades de violencia que podemos sufrir todas las mujeres, pero aqu\u00ed lo\nimportante es que muchas veces se puede quedar corto hay leyes muy espec\u00edficas,\nla ley \u00e1cida estamos pensando ahorita la violencia que hay contra las mujeres\nespec\u00edficas con \u00e1cido, quemaduras, much\u00edsimas cosas. Entonces, en alg\u00fan\nmomento, si nos vamos al \u00e1mbito criminol\u00f3gico y victimol\u00f3gico, la cantidad de\nsituaciones, modalidades y formas en las que una mujer, una ni\u00f1a, un\nadolescente, puede sufrir violencias es inimaginable, en un momento\ndeterminado, \u00bfQu\u00e9 es lo que requerimos hacer? Trabajar la cultura de la\nprevenci\u00f3n por ah\u00ed tenemos y tengo que mencionarlo, la ley general para la\nPrevenci\u00f3n Social, la social de la violencia y la delincuencia, es muy\nimportante que la trabajemos, es una muy buena ley que hemos dentro de este\npaquete que hubo al sistema de acusatorio de 2008 por centramos esta ley,\nentonces yo creo que aqu\u00ed esta ley, m\u00e1s la ley general de acceso de las mujeres\na una vida libre de violencia, la ley general de v\u00edctimas, la ley general de\nEducaci\u00f3n, la Ley General de Salud, son una parte importante, y pensar en\nanclarlo en una agenda 2030, para que sea a trav\u00e9s de esa educaci\u00f3n tambi\u00e9n es\nel construir estos andamiajes que en alg\u00fan momento nos permitan que todas las\npersonas, todos los gobiernos que todos los niveles de ese Gobierno, tengan empat\u00eda,\nsensibilidad, respeto y para las mujeres, ni\u00f1as o adolescentes que fueron\nv\u00edctimas de alg\u00fan delito, tal vez la certeza de justicia, porque sin eso en\nalg\u00fan momento, todo acto de impunidad, no vamos a revertirlo de una manera\npositiva y sobre todo pensando y agradecer a la Universidad Nacional Aut\u00f3noma\nde M\u00e9xico, a la Facultad de Estudios Superiores de Iztacala, al doctor Ricardo\nS\u00e1nchez Medina, a usted maestra Evelin Alejandra Galicia G\u00f3mez, pues esta\noportunidad de compartir esto, porque ahorita el reto para nosotros, para\nnosotros, para nuestra sociedad, espec\u00edficamente, ya no, no solamente pensando\nen M\u00e9xico, sino a nivel mundial, es c\u00f3mo trabajamos ese proceso de recuperaci\u00f3n,\npost-COVID, que nos dej\u00f3 tambi\u00e9n ense\u00f1anzas en positivo y negativo, pero c\u00f3mo\ntransformamos esto para mejorar los niveles de atenci\u00f3n y la seguridad que se\npueda brindar a las ni\u00f1as, las adolescentes y las mujeres en cualquiera de los\nespacios donde nos encontremos y pensar en que no puede que no debe de ser una\nutop\u00eda la erradicaci\u00f3n de la de este tipo de violencias, que creo que la UNAM\nha contribuido en gran medida y hemos de mencionar, lo tenemos en la, en la\ndivisi\u00f3n de estudios de posgrado de la Facultad de Derecho, una especializaci\u00f3n\nde g\u00e9nero y derecho, y creo que esto tambi\u00e9n, pues ayuda mucho a dentro de la\nacademia y dentro de la formaci\u00f3n de los nuevos cuadros de profesionistas y\nprofesionales hay erradicar tambi\u00e9n en gran escala pues otro tipo de\nconvivencia y otro tipo tambi\u00e9n de mentalidad.<br>\n<br>\n<strong><em>Mtra. Evelin Alejandra Galicia G\u00f3mez<\/em><\/strong><strong><em><\/em><\/strong><\/p>\n\n\n\n<p>As\u00ed\nes doctora, y no nada m\u00e1s nos queda la reflexi\u00f3n acerca del tema, sino como\nusted bien lo menciona, es este compromiso de generar cambios, de cambiar a\nnuestra sociedad y no dejar nada m\u00e1s aqu\u00ed con lo que ya se acab\u00f3 el COVID y ya\nse termin\u00f3 la pandemia, sino sigue el compromiso que tenemos con la salud\nmental y obviamente mejorarla. Doctora de verdad ha sido un verdadero placer poder\nentrevistarla, me llevo muchas este muchas cosas que voy a empezar a implementar\nen mi pr\u00e1ctica, de verdad te lo agradezco mucho a nombre del doctor Ricardo\nS\u00e1nchez Medina y a nombre de la Facultad de Estudios de Iztacala, de la revista\nde Educaci\u00f3n, \u201cCrisis y Retos en la familia y pareja\u201d, el tiempo que nos\nproporcion\u00f3, y esperamos contar nuevamente con usted, a lo mejor en alg\u00fan\nart\u00edculo, o nuevamente una entrevista o una ponencia en nuestra facultad.<br>\n<br>\n<strong>Dra. Mar\u00eda Teresa Ambrosio Morales<\/strong><\/p>\n\n\n\n<p><br>\nPues ser\u00eda importante mencionar porque es un gusto como universitaria que\ntengamos y contemos con el Museo de la mujer, que es en la UNAM y la y la\nFederaci\u00f3n mexicana de Universitarias es el segundo, el primero est\u00e1 en\nArgentina y nosotros tenemos un museo espec\u00edfico de la UNAM con la Federaci\u00f3n\nmexicana de Universitarias invitando a que las personas puedan acceder a este\nespacio de reflexi\u00f3n cultural, de construcci\u00f3n hist\u00f3rica, de c\u00f3mo ha sido, pues\ntodo este, caminar de las ni\u00f1as, las adolescentes y las mujeres en M\u00e9xico y pues\ntambi\u00e9n en alg\u00fan momento lo que genera nuestra universidad en cultura a trav\u00e9s\nde prevenci\u00f3n, yo creo que eso es maravilloso.<\/p>\n\n\n\n<p><strong><em>Mtra. Evelin Alejandra Galicia G\u00f3mez<\/em><\/strong> As\u00ed es doctora, pues agradezco much\u00edsimo su atenci\u00f3n y me despido de usted, hasta luego. <\/p>\n\n\n\n<p>Realizada: 22 de mayo de 2023 Por Evelin Alejandra Galicia G\u00f3mez<\/p>\n\n\n\n<blockquote class=\"wp-block-quote\"><p><em>Las opiniones expresadas por los autores no necesariamente reflejan la postura del editor de la publicaci\u00f3n. Esta revista es una publicaci\u00f3n semestral en espa\u00f1ol, arbitrada, de acceso abierto y licenciamiento Creative Commons; puede ser reproducida con fines no lucrativos, siempre y cuando se cite la fuente completa y su direcci\u00f3n electr\u00f3nica. De otra forma requiere permiso previo por escrito.<\/em><\/p><\/blockquote>\n","protected":false},"excerpt":{"rendered":"<div class=\"mh-excerpt\"><p>Entrevista a la Dra. Mar\u00eda Teresa Ambrosio Morales. Instituto de Investigaciones Juridicas Universidad Nacional Aut\u00f3noma de M\u00e9xico Realizada por: Mtra. Evelin Alejandra Galicia G\u00f3mez Cita <a class=\"mh-excerpt-more\" href=\"https:\/\/www.gipps.org\/revistaredes\/entrevista\/intervencion-de-la-victimologia-ante-los-casos-de-violencia-contra-las-mujeres\/\" title=\"INTERVENCI\u00d3N DE LA VICTIMOLOG\u00cdA ANTE LOS CASOS DE VIOLENCIA CONTRA LAS MUJERES\">[&#8230;]<\/a><\/p>\n<\/div>","protected":false},"author":1,"featured_media":1146,"comment_status":"closed","ping_status":"closed","sticky":false,"template":"","format":"standard","meta":[],"categories":[6],"tags":[],"_links":{"self":[{"href":"https:\/\/www.gipps.org\/revistaredes\/wp-json\/wp\/v2\/posts\/1140"}],"collection":[{"href":"https:\/\/www.gipps.org\/revistaredes\/wp-json\/wp\/v2\/posts"}],"about":[{"href":"https:\/\/www.gipps.org\/revistaredes\/wp-json\/wp\/v2\/types\/post"}],"author":[{"embeddable":true,"href":"https:\/\/www.gipps.org\/revistaredes\/wp-json\/wp\/v2\/users\/1"}],"replies":[{"embeddable":true,"href":"https:\/\/www.gipps.org\/revistaredes\/wp-json\/wp\/v2\/comments?post=1140"}],"version-history":[{"count":6,"href":"https:\/\/www.gipps.org\/revistaredes\/wp-json\/wp\/v2\/posts\/1140\/revisions"}],"predecessor-version":[{"id":1190,"href":"https:\/\/www.gipps.org\/revistaredes\/wp-json\/wp\/v2\/posts\/1140\/revisions\/1190"}],"wp:featuredmedia":[{"embeddable":true,"href":"https:\/\/www.gipps.org\/revistaredes\/wp-json\/wp\/v2\/media\/1146"}],"wp:attachment":[{"href":"https:\/\/www.gipps.org\/revistaredes\/wp-json\/wp\/v2\/media?parent=1140"}],"wp:term":[{"taxonomy":"category","embeddable":true,"href":"https:\/\/www.gipps.org\/revistaredes\/wp-json\/wp\/v2\/categories?post=1140"},{"taxonomy":"post_tag","embeddable":true,"href":"https:\/\/www.gipps.org\/revistaredes\/wp-json\/wp\/v2\/tags?post=1140"}],"curies":[{"name":"wp","href":"https:\/\/api.w.org\/{rel}","templated":true}]}}