{"id":1041,"date":"2022-12-12T14:55:19","date_gmt":"2022-12-12T14:55:19","guid":{"rendered":"http:\/\/www.gipps.org\/revistaredes\/?p=1041"},"modified":"2022-12-12T19:18:23","modified_gmt":"2022-12-12T19:18:23","slug":"la-importancias-de-expresar-las-emociones","status":"publish","type":"post","link":"https:\/\/www.gipps.org\/revistaredes\/presentacion-numero\/la-importancias-de-expresar-las-emociones\/","title":{"rendered":"LA IMPORTANCIA DE EXPRESAR LAS EMOCIONES. PRESENTACI\u00d3N DEL N\u00daMERO"},"content":{"rendered":"\n<p><strong>Cita recomendada:<\/strong><\/p>\n\n\n\n<p>Velasco, D. (2022). La importancia de expresar las emociones. Presentaci\u00f3n del n\u00famero. <em>Revista de Divulgaci\u00f3n Crisis y Retos en la Familia y Pareja, 4<\/em>(2), 8-9. https:\/\/doi.org\/10.22402\/j.rdcrfp.unam.4.2.2022.503.7-8<\/p>\n\n\n\n<p>\u201cLa importancia de expresar las emociones\u201d es el t\u00edtulo del volumen 4 n\u00famero 1 de la Revista de Divulgaci\u00f3n Crisis y Retos en la Familia y Pareja. Como sabemos, las emociones forman parte de nuestro d\u00eda a d\u00eda, se hacen presentes en todo momento y de diferentes formas, como por ejemplo; la alegr\u00eda, la tristeza, el enojo, la serenidad, entre otras, todas ellas fluyen en funci\u00f3n de la capacidad que tenga el individuo para expresarlas, en el mejor de los casos esto sucede, y cuando se ocultan o se intenta anularlas se inicia un proceso de alteraci\u00f3n emocional que muchas veces desemboca en la afectaci\u00f3n de la salud mental, si bien, la Organizaci\u00f3n Mundial de la Salud ([OMS], 2022), menciona que la depresi\u00f3n y la ansiedad aumentaron m\u00e1s de un 25% en el primer a\u00f1o de la pandemia, as\u00ed como se vio alterada la capacidad de aprendizaje en los ni\u00f1os y la comunicaci\u00f3n, es entonces necesario considerar medidas emergentes que contribuyan a promover la importancia de expresar las emociones. La Revista de Divulgaci\u00f3n Crisis y Retos en la Familia y Pareja pretende motivar a los lectores a la reflexi\u00f3n mediante la lectura de lo que nos comparten nuestros autores en el presente n\u00famero. <\/p>\n\n\n\n<p>Esta vez, se trata de seis art\u00edculos que abordan temas de an\u00e1lisis,\nrecomendaci\u00f3n y una entrevista a un especialista, dichos profesionistas nos\ncomparten su experiencia, su conocimiento e inter\u00e9s por la psicolog\u00eda a trav\u00e9s\nde un enfoque cient\u00edfico, pero con un dominio claro y accesible que podr\u00e1\nservir de orientaci\u00f3n y gu\u00eda para aquellos lectores que se identifiquen con las\ntem\u00e1ticas abordadas.&nbsp; <\/p>\n\n\n\n<p>Iniciamos con la Licenciada Romina Schneider y su art\u00edculo titulado \u00bfC\u00f3mo influye la calidad de los v\u00ednculos familiares en\naprendizaje escolar en el contexto de la Pandemia de COVID-19? La autora nos\nbrinda mediante su texto de <em>an\u00e1lisis<\/em> una concepci\u00f3n de lo que significa\nla familia y c\u00f3mo \u00e9sta influye en el desarrollo y fortalecimiento de los\nv\u00ednculos o lazos familiares y \u00e9stos a su vez, en el aprendizaje escolar. La\nOrganizaci\u00f3n Panamericana de la Salud ([OPS], 2021), menciona que, aunque los\nni\u00f1os no fueron la poblaci\u00f3n m\u00e1s afectada durante la Pandemia por COVID-19 si\nresultaron perjudicados en el sentido de su educaci\u00f3n, ya que millones de ellos\nalrededor del mundo perdieron por lo menos un a\u00f1o escolar completo, en este\ncontexto, el no asistir a clases y permanecer sentados durante mucho tiempo\nfrente a una pantalla cambia completamente su din\u00e1mica de socializaci\u00f3n y en\neste aspecto la familia toma un papel protag\u00f3nico, &nbsp;la autora nos ofrece un panorama de la forma\nen que se vivi\u00f3 este fen\u00f3meno en la condici\u00f3n emocional y si este factor puede\nllegar a afectar la tarea de aprender. <\/p>\n\n\n\n<p>El siguiente art\u00edculo lo realizaron el Mag. Juan Carlos Carretero y la\nLic. Cristina Stecconi, titulado \u201cViolencia familiar y sus consecuencias en los\nni\u00f1os, ni\u00f1as y adolescentes\u201d dichos autores analizan el fen\u00f3meno de la\nviolencia desde dos perspectivas; la legal y psicol\u00f3gica, tomando en\nconsideraci\u00f3n que la violencia a\u00fan en pleno siglo XXI sigue siendo una\ncondici\u00f3n que la viven millones de familias en todos los pa\u00edses y muy poco se\nha logrado disminuir, afectando de sobremanera a los ni\u00f1os, ni\u00f1as y\nadolescentes que viven de forma cotidiana un ambiente hostil y violento, es as\u00ed\nque nuestros autores pretenden mostrar desde sus profesiones: Derecho y\nPsicolog\u00eda un <em>an\u00e1lisis<\/em> te\u00f3rico de los elementos que se encuentran\nrelacionados proporcionando orientaci\u00f3n y gu\u00eda a quienes suelen padecer de este\nfen\u00f3meno. <\/p>\n\n\n\n<p>Continuamos con el art\u00edculo de <em>an\u00e1lisis<\/em> que lo realiza la Mtra. Carla Hern\u00e1ndez y lo nombra \u201cAspectos a reflexionar sobre la pandemia COVID-19 en relaci\u00f3n con la pr\u00e1ctica cl\u00ednica y terap\u00e9utica\u201d, si bien, el ejercicio de la informaci\u00f3n es reconocido mundialmente como una pr\u00e1ctica libre y de acceso para todos, sin embargo, \u00bfqu\u00e9 tanto puede llegar a afectar a un ilimitado porcentaje de sujetos que se satura de noticias? El internet y las redes sociales principalmente fueron muchas veces la v\u00eda de obtenci\u00f3n de informaci\u00f3n para los usuarios consumidores de notas informativas desconociendo la veracidad de \u00e9stas y si ven\u00edan de fuentes confiables generando un desequilibrio emocional y detonando en fuertes crisis de ansiedad y depresi\u00f3n en su mayor\u00eda. El presente art\u00edculo nos permite reflexionar sobre la importancia de profesionalizaci\u00f3n en la pr\u00e1ctica cl\u00ednica y terap\u00e9utica ante un evento que cambi\u00f3 radicalmente la vida de las personas en todo el mundo. <\/p>\n\n\n\n<p>El \u00faltimo art\u00edculo de <em>an\u00e1lisis<\/em> titulado \u00bfQu\u00e9 hay m\u00e1s all\u00e1 del \u201cno aprender\u201d? realizado por Laura Estefan\u00eda Barrios, retomando la dificultad que tienen los ni\u00f1os y las ni\u00f1as para aprender, se realiza un an\u00e1lisis de los diferentes elementos como el maltrato infantil, el nulo acompa\u00f1amiento familiar, la mala gesti\u00f3n de las emociones, entre otros factores que pudieran estar fluctuando en las vivencias de los ni\u00f1os y que alteran el proceso de aprendizaje, la autora nos ofrece en su art\u00edculo una reflexi\u00f3n de todos estos elementos y adem\u00e1s una orientaci\u00f3n sobre los indicadores de maltrato y violencia desde lo legal. <\/p>\n\n\n\n<p>En la secci\u00f3n de <em>entrevista<\/em> se encuentran las investigadoras Miriam\nWlosko de la Universidad Nacional de Lan\u00fas y Cecilia Ros de la Universidad de\nBuenos Aires, quienes han realizado, de manera conjunta, desde hace tres\nd\u00e9cadas, importantes investigaciones en torno al tema del trabajo, y para\nplaticarnos al respecto fueron entrevistadas por la Dra. Adriana I. Hern\u00e1ndez\nG\u00f3mez. El art\u00edculo \u201cTrabajo, Salud y subjetividad; una mirada m\u00e1s all\u00e1 de los\nriesgos psicosociales\u201d intenta dar voz a todas aquellas poblaciones laborales\nque existen y la serie de transformaciones que han venido sucediendo, ellas\nabordan entre otros temas, la importancia de construir genuinos colectivos de\ntrabajo basados en la cooperaci\u00f3n, el presente texto enriquecer\u00e1 much\u00edsimo\nprincipalmente a aquellos que se encuentren interesados en el tema del\ntrabajo.&nbsp; <\/p>\n\n\n\n<p>La \u00faltima secci\u00f3n de <em>recomendaciones<\/em>, la Lic. Candela Armi\u00f1ana\nEspejo, de la Universidad de Flores (UFLO), Argentina, nos presenta su art\u00edculo\nde nombre \u201cAcompa\u00f1ando mujeres: gu\u00eda para mujeres v\u00edctimas de violencia\u201d, de\nacuerdo con un estudio por la ONU Mujeres (2021), en promedio, m\u00e1s de cinco\nmujeres o ni\u00f1as han sido asesinadas por sus parejas u otros miembros de la\nfamilia, dicho estudio nos presenta un panorama del incremento de la violencia\nde g\u00e9nero, la autora menciona que la clave para disminuir este fen\u00f3meno es <em>construir\nredes<\/em>, as\u00ed mismo, nos ofrece una orientaci\u00f3n para aquellas mujeres que\ntoman la decisi\u00f3n de presentar una denuncia por violencia de g\u00e9nero. &nbsp;<\/p>\n\n\n\n<p>Como podemos ver, este n\u00famero expone diversos temas que se encuentran\nrelacionados con la importancia de gestionar las emociones y mantenernos\ninformados, estamos seguros de que quienes se tomen el tiempo de leer los\nart\u00edculos les ser\u00e1 de mucha utilidad y beneficio, tal y como lo ha sido para\nlos autores quienes tan amablemente nos comparten su experiencia y\nconocimiento, por eso mismo los invitamos a leer este n\u00famero de la Revista. <\/p>\n\n\n\n<div class=\"wp-block-image\"><figure class=\"aligncenter is-resized\"><img decoding=\"async\" loading=\"lazy\" src=\"https:\/\/www.gipps.org\/revistaredes\/wp-content\/uploads\/2022\/12\/WhatsApp-Image-2022-12-06-at-11.10.33-PM-1-768x1024.jpeg\" alt=\"\" class=\"wp-image-1063\" width=\"174\" height=\"232\"\/><figcaption><strong>Lic. Dulce M. Velasco Hern\u00e1ndez<br>Editora T\u00e9cnica<\/strong><br><\/figcaption><\/figure><\/div>\n\n\n\n<p style=\"text-align:center\"><strong>Universidad Nacional Aut\u00f3noma de M\u00e9xico. Facultad de Estudios Superiores Iztacala<\/strong><\/p>\n\n\n\n<blockquote class=\"wp-block-quote\"><p><strong><em>Copyright: \u00a9 2022 Revista de Divulgaci\u00f3n Crisis y Retos en la Familia y Pareja<\/em><\/strong><em><br>Esta es una revista de acceso abierto distribuida bajo los t\u00e9rminos&nbsp;de&nbsp;la licencia Creative Commons Reconocimiento-NoComercial-Compartir igual 4.0 Internacional, por lo que su contenido gr\u00e1fico y escrito se puede compartir, copiar y redistribuir total o parcialmente sin necesidad de permiso expreso de sus creadores con la \u00fanica condici\u00f3n de que no se puede usar con fines directamente comerciales y los t\u00e9rminos legales de cualquier trabajo derivado deben ser los mismos que se expresan en la presente declaraci\u00f3n. La \u00fanica condici\u00f3n es que se cite la fuente con referencia a la Revista y a sus creadores<\/em><\/p><\/blockquote>\n","protected":false},"excerpt":{"rendered":"<div class=\"mh-excerpt\"><p>Cita recomendada: Velasco, D. (2022). La importancia de expresar las emociones. Presentaci\u00f3n del n\u00famero. Revista de Divulgaci\u00f3n Crisis y Retos en la Familia y Pareja, <a class=\"mh-excerpt-more\" href=\"https:\/\/www.gipps.org\/revistaredes\/presentacion-numero\/la-importancias-de-expresar-las-emociones\/\" title=\"LA IMPORTANCIA DE EXPRESAR LAS EMOCIONES. PRESENTACI\u00d3N DEL N\u00daMERO\">[&#8230;]<\/a><\/p>\n<\/div>","protected":false},"author":1,"featured_media":1069,"comment_status":"closed","ping_status":"closed","sticky":false,"template":"","format":"standard","meta":[],"categories":[8],"tags":[],"_links":{"self":[{"href":"https:\/\/www.gipps.org\/revistaredes\/wp-json\/wp\/v2\/posts\/1041"}],"collection":[{"href":"https:\/\/www.gipps.org\/revistaredes\/wp-json\/wp\/v2\/posts"}],"about":[{"href":"https:\/\/www.gipps.org\/revistaredes\/wp-json\/wp\/v2\/types\/post"}],"author":[{"embeddable":true,"href":"https:\/\/www.gipps.org\/revistaredes\/wp-json\/wp\/v2\/users\/1"}],"replies":[{"embeddable":true,"href":"https:\/\/www.gipps.org\/revistaredes\/wp-json\/wp\/v2\/comments?post=1041"}],"version-history":[{"count":13,"href":"https:\/\/www.gipps.org\/revistaredes\/wp-json\/wp\/v2\/posts\/1041\/revisions"}],"predecessor-version":[{"id":1070,"href":"https:\/\/www.gipps.org\/revistaredes\/wp-json\/wp\/v2\/posts\/1041\/revisions\/1070"}],"wp:featuredmedia":[{"embeddable":true,"href":"https:\/\/www.gipps.org\/revistaredes\/wp-json\/wp\/v2\/media\/1069"}],"wp:attachment":[{"href":"https:\/\/www.gipps.org\/revistaredes\/wp-json\/wp\/v2\/media?parent=1041"}],"wp:term":[{"taxonomy":"category","embeddable":true,"href":"https:\/\/www.gipps.org\/revistaredes\/wp-json\/wp\/v2\/categories?post=1041"},{"taxonomy":"post_tag","embeddable":true,"href":"https:\/\/www.gipps.org\/revistaredes\/wp-json\/wp\/v2\/tags?post=1041"}],"curies":[{"name":"wp","href":"https:\/\/api.w.org\/{rel}","templated":true}]}}