{"id":1027,"date":"2022-12-12T15:25:07","date_gmt":"2022-12-12T15:25:07","guid":{"rendered":"http:\/\/www.gipps.org\/revistaredes\/?p=1027"},"modified":"2022-12-12T23:17:04","modified_gmt":"2022-12-12T23:17:04","slug":"acompanando-mujeres-guia-de-accion-para-mujeres-victimas-de-violencia","status":"publish","type":"post","link":"https:\/\/www.gipps.org\/revistaredes\/recomendaciones\/acompanando-mujeres-guia-de-accion-para-mujeres-victimas-de-violencia\/","title":{"rendered":"ACOMPA\u00d1ANDO MUJERES: GU\u00cdA DE ACCI\u00d3N PARA MUJERES V\u00cdCTIMAS DE VIOLENCIA"},"content":{"rendered":"\n<p><\/p>\n\n\n\n<p style=\"text-align:center\">Candela Armi\u00f1ana Espejo<\/p>\n\n\n\n<p style=\"text-align:center\">Universidad de Flores<\/p>\n\n\n\n<p>Correo electr\u00f3nico: <a href=\"mailto:cande.espejo@gmail.com\">cande.espejo@gmail.com<\/a> <\/p>\n\n\n<p><strong>Cita recomendada:<\/strong><\/p>\n<p>Armi\u00f1ana, C. (2022). Acompa\u00f1ando mujeres: Gu\u00eda de acci\u00f3n para mujeres v\u00edctimas de violencia. <em>Revista de Divulgaci\u00f3n Crisis y Retos en la Familia y Pareja, 4<\/em>(2), 35-40. <a href=\"https:\/\/doi.org\/10.22402\/j.rdcrfp.unam.4.2.2022.444.35-40\">https:\/\/doi.org\/10.22402\/j.rdcrfp.unam.4.2.2022.444.35-40<\/a><\/p>\n\n\n<p><strong>Resumen <\/strong><\/p>\n\n\n\n<p>El presente trabajo tiene como objetivo brindar\nherramientas concretas que acompa\u00f1en a aquellas mujeres que deciden o\nconsideran llevar adelante una denuncia por violencia de g\u00e9nero. Se busca\nproporcionar una gu\u00eda de acci\u00f3n general, entendiendo que cada caso y sujeto es\n\u00fanico, y por ende, las intervenciones deben ajustarse a cada situaci\u00f3n. <\/p>\n\n\n\n<p>Palabras\nclave: mujeres, violencia, recomendaciones<\/p>\n\n\n\n<p><strong>Introducci\u00f3n<\/strong><\/p>\n\n\n\n<p>El fen\u00f3meno de la violencia de g\u00e9nero atraviesa la realidad de todas las mujeres, en distintos niveles y formas. En algunos casos, los niveles de violencia son tales, que acudir a la justicia aparece como una posibilidad iluminadora. <\/p>\n\n\n\n<p>La\nley busca proteger a las mujeres en todos los casos. La violencia de g\u00e9nero\npuede afectar la vida, la libertad, la dignidad, la integridad f\u00edsica,\npsicol\u00f3gica o sexual, la situaci\u00f3n econ\u00f3mica, la seguridad, entre otros\naspectos. <\/p>\n\n\n\n<p>Se\nanticipa que si bien la violencia de g\u00e9nero es una problem\u00e1tica que atraviesa\ndistintos contextos, en esta gu\u00eda se har\u00e1 alusi\u00f3n a aquellos casos donde los\nagresores sean identificados como la pareja o ex pareja de la v\u00edctima, ya que\nlos mismos componen alrededor del 80% de los casos.<\/p>\n\n\n\n<p><strong>Violencia de g\u00e9nero<\/strong><\/p>\n\n\n\n<p>Siempre que haya violencia en un acto, habr\u00e1 una persona vulnerada y un agresor, estableci\u00e9ndose una relaci\u00f3n de poder.<\/p>\n\n\n\n<p>La gran mayor\u00eda de las personas vulneradas, son parte de\n\u201cgrupos vulnerables\u201d donde entran los ni\u00f1os, ni\u00f1as y adolescentes, los\/as\nancianos\/as, las personas con discapacidad y las mujeres. <\/p>\n\n\n\n<p>La violencia de g\u00e9nero &nbsp;es considerada cualquier conducta que da\u00f1a a\nla mujer por el solo hecho de serlo. Distintos observatorios de Argentina\nrealizan a\u00f1o a a\u00f1o un registro, donde se detallan los femicidios ocurridos cada\na\u00f1o, el v\u00ednculo con el agresor y otros datos. Se adjuntan a continuaci\u00f3n, datos\ndel a\u00f1o 2020, 2021 y 2022, brindados por el observatorio \u201cAhora que si nos\nven\u201d. <\/p>\n\n\n\n<figure class=\"wp-block-image\"><img decoding=\"async\" loading=\"lazy\" width=\"604\" height=\"464\" src=\"https:\/\/www.gipps.org\/revistaredes\/wp-content\/uploads\/2022\/12\/Imagen-1.png\" alt=\"\" class=\"wp-image-1028\" srcset=\"https:\/\/www.gipps.org\/revistaredes\/wp-content\/uploads\/2022\/12\/Imagen-1.png 604w, https:\/\/www.gipps.org\/revistaredes\/wp-content\/uploads\/2022\/12\/Imagen-1-300x230.png 300w, https:\/\/www.gipps.org\/revistaredes\/wp-content\/uploads\/2022\/12\/Imagen-1-80x60.png 80w\" sizes=\"(max-width: 604px) 100vw, 604px\" \/><\/figure>\n\n\n\n<p>Nota. Imagen proporcionada por la\nautora.<\/p>\n\n\n\n<figure class=\"wp-block-image\"><img decoding=\"async\" loading=\"lazy\" width=\"592\" height=\"398\" src=\"https:\/\/www.gipps.org\/revistaredes\/wp-content\/uploads\/2022\/12\/Imagen-2.png\" alt=\"\" class=\"wp-image-1029\" srcset=\"https:\/\/www.gipps.org\/revistaredes\/wp-content\/uploads\/2022\/12\/Imagen-2.png 592w, https:\/\/www.gipps.org\/revistaredes\/wp-content\/uploads\/2022\/12\/Imagen-2-300x202.png 300w\" sizes=\"(max-width: 592px) 100vw, 592px\" \/><\/figure>\n\n\n\n<p>Nota. Imagen proporcionada por la\nautora.<\/p>\n\n\n\n<div class=\"wp-block-image\"><figure class=\"aligncenter\"><img decoding=\"async\" loading=\"lazy\" width=\"404\" height=\"404\" src=\"https:\/\/www.gipps.org\/revistaredes\/wp-content\/uploads\/2022\/12\/Imagen-3.png\" alt=\"\" class=\"wp-image-1030\" srcset=\"https:\/\/www.gipps.org\/revistaredes\/wp-content\/uploads\/2022\/12\/Imagen-3.png 404w, https:\/\/www.gipps.org\/revistaredes\/wp-content\/uploads\/2022\/12\/Imagen-3-150x150.png 150w, https:\/\/www.gipps.org\/revistaredes\/wp-content\/uploads\/2022\/12\/Imagen-3-300x300.png 300w\" sizes=\"(max-width: 404px) 100vw, 404px\" \/><\/figure><\/div>\n\n\n\n<p style=\"text-align:center\">Nota. Imagen proporcionada por la\nautora.<\/p>\n\n\n\n<p><strong>\u00bfPor qu\u00e9 las mujeres somos consideradas \u201cgrupo\nvulnerable\u201d? <\/strong><\/p>\n\n\n\n<p>Las mujeres son\nparte de lo que se conoce como \u201cgrupo vulnerable\u201d entendiendo por \u00e9l mismo, un\nconjunto de personas que se ven en riesgo frente a la sociedad por distintos\nfactores, y privadas del pleno ejercicio y goce de sus derechos.<\/p>\n\n\n\n<p>Con el tiempo, gracias a la lucha hist\u00f3rica de las mujeres\ny de la posibilidad progresiva de ocupar lugares decisivos para nuestro futuro,\ncomo espacios de pol\u00edtica y poder social, es que se nos han adjudicado derechos\ny se han llevado adelante pol\u00edticas p\u00fablicas que nos respaldan y apuntan a\nprotegernos frente a la violencia machista. Sin embargo, a\u00fan hay mucho por\nhacer.<\/p>\n\n\n\n<p><strong>\u00bfMe estoy relacionando con un potencial agresor?<\/strong><\/p>\n\n\n\n<p><strong>&nbsp;&nbsp;&nbsp;&nbsp;&nbsp;&nbsp;&nbsp;&nbsp;&nbsp;&nbsp;&nbsp; <\/strong>Si bien cada relaci\u00f3n se\nconfigura de manera particular, y cada agresor ejerce la violencia de manera\nsingular, es relevante considerar ciertos aspectos comunes que se dan de manera\ngeneral entre los agresores de violencia de g\u00e9nero. <\/p>\n\n\n\n<p>A continuaci\u00f3n se desarrollan recomendaciones en torno al\nreconocimiento de factores de riesgo e indicadores para la violencia, en pos de\ndar cuenta qu\u00e9 pr\u00e1cticas pueden estar relacionadas con los hombres que ejercen\nviolencia de g\u00e9nero. Las mismas, han sido recolectadas de la \u201cGu\u00eda para la\nprevencion e intervencion en situaciones de violencia\u201d facilitada por el\nInstituto Nacional de las Mujeres (Argentina), \u201cMovimiento Ciudadano\u201d (Mexico)\ny la ONU Mujeres \u201cCentro Virtual de Conocimiento para poner fin a la Violencia\ncontra las Mujeres\u201d, y sintetizadas en el siguiente cuadro:<\/p>\n\n\n\n<div class=\"wp-block-image\"><figure class=\"aligncenter\"><img decoding=\"async\" loading=\"lazy\" width=\"280\" height=\"696\" src=\"https:\/\/www.gipps.org\/revistaredes\/wp-content\/uploads\/2022\/12\/Imagen-4.png\" alt=\"\" class=\"wp-image-1031\" srcset=\"https:\/\/www.gipps.org\/revistaredes\/wp-content\/uploads\/2022\/12\/Imagen-4.png 280w, https:\/\/www.gipps.org\/revistaredes\/wp-content\/uploads\/2022\/12\/Imagen-4-121x300.png 121w\" sizes=\"(max-width: 280px) 100vw, 280px\" \/><\/figure><\/div>\n\n\n\n<p style=\"text-align:center\">Nota. Imagen proporcionada por la\nautora.<\/p>\n\n\n\n<div class=\"wp-block-image\"><figure class=\"aligncenter\"><img decoding=\"async\" loading=\"lazy\" width=\"308\" height=\"732\" src=\"https:\/\/www.gipps.org\/revistaredes\/wp-content\/uploads\/2022\/12\/Imagen-5.png\" alt=\"\" class=\"wp-image-1032\" srcset=\"https:\/\/www.gipps.org\/revistaredes\/wp-content\/uploads\/2022\/12\/Imagen-5.png 308w, https:\/\/www.gipps.org\/revistaredes\/wp-content\/uploads\/2022\/12\/Imagen-5-126x300.png 126w\" sizes=\"(max-width: 308px) 100vw, 308px\" \/><\/figure><\/div>\n\n\n\n<p style=\"text-align:center\">Nota. Imagen proporcionada por la\nautora.<\/p>\n\n\n\n<p><strong>El ciclo de violencia <\/strong><\/p>\n\n\n\n<p>La gran mayor\u00eda de los hombres que ejercen violencia son\nlas parejas, y conforman lo que se conoce como \u201cciclo de violencia\u201d. <\/p>\n\n\n\n<p>Las relaciones de violencia y de poder son aprendidas con\nel tiempo, y se sumergen dentro de un ciclo de agresi\u00f3n sistem\u00e1tico que parece\nirrompible.<\/p>\n\n\n\n<p>Las tres fases que se atraviesan en los ciclos violentos\nson;<\/p>\n\n\n\n<ul><li>La fase de acumulaci\u00f3n\nde tensi\u00f3n \u2013 se gesta un marco tenso y de malestar, hasta que el control de la\nsituaci\u00f3n comienza a perderse-,<\/li><li>La fase aguda \u2013 no hay\ncontrol, se desatan aqu\u00ed las violencias en su m\u00e1xima expresi\u00f3n, y es en el\nmomento en que estas terminan donde la v\u00edctima podr\u00eda llegar a acercarse a\ndenunciar, reconoci\u00e9ndose aqu\u00ed la pausa complementaria- y,<\/li><li>La fase de\nreconciliaci\u00f3n \u2013 es aquella que se debe evitar desde el abordaje profesional,\nya que vuelve a insertar a las v\u00edctimas en el ciclo, y denota, muchas veces, un\nmal procedimiento judicial, as\u00ed como una rigidez en las matrices de aprendizaje\nde la v\u00edctima.<\/li><\/ul>\n\n\n\n<p><strong>\u00bfCu\u00e1les son mis\nderechos?<\/strong><\/p>\n\n\n\n<p>&nbsp;&nbsp;&nbsp;&nbsp;&nbsp;&nbsp;&nbsp;&nbsp;&nbsp;&nbsp;&nbsp; Un aspecto importante a tener en\ncuenta es cu\u00e1les son los derechos que protegen y amparan a las mujeres que\natraviesan un proceso de violencia. <\/p>\n\n\n\n<p>Tanto la persona afectada como el denunciado deben ser\nambos intervenidos desde el \u00e1mbito judicial, en pos de un abordaje integral. No\nsolo se deben tomar medidas provisorias para la protecci\u00f3n de la v\u00edctima, las\ncuales se vencen luego de una cantidad de d\u00edas (ej. prohibici\u00f3n de\nacercamiento), sino que debe darse un proceso de patrocinio jur\u00eddico, en este\nproceso tiene lugar el aprendizaje.<\/p>\n\n\n\n<p>Tenes derecho a: <\/p>\n\n\n\n<ul><li>Ser escuchada y bien\ntratada <\/li><li>Que tu denuncia sea\ntomada de forma inmediata<\/li><li>Cuidado y protecci\u00f3n\npara vos y tus hijos o familia, si la tenes y est\u00e1n en riesgo<\/li><li>Estar acompa\u00f1ada durante\ntodo el proceso judicial <\/li><\/ul>\n\n\n\n<p>&nbsp;&nbsp;&nbsp;&nbsp;&nbsp;&nbsp;&nbsp;&nbsp;&nbsp;&nbsp;&nbsp; <strong>Elijo\ndenunciar \u00bfComo lo hago? <\/strong><\/p>\n\n\n\n<p>Si\nelegis denunciar, tenes que saber que: <\/p>\n\n\n\n<ul><li>Podes hacerlo en la comisar\u00eda m\u00e1s cercana <\/li><li>La persona que registre tu denuncia debe hacerlo con formato de denuncia, y no de exposici\u00f3n, para que quede asentado de esa manera a nivel judicial <\/li><li>La denuncia es un registro textual de tu relato, es importante, que en la misma seas clara e intentes contar todos los detalles posibles.<\/li><\/ul>\n\n\n\n<div class=\"wp-block-image\"><figure class=\"aligncenter\"><img decoding=\"async\" loading=\"lazy\" width=\"546\" height=\"498\" src=\"https:\/\/www.gipps.org\/revistaredes\/wp-content\/uploads\/2022\/12\/Imagen-6.png\" alt=\"\" class=\"wp-image-1033\" srcset=\"https:\/\/www.gipps.org\/revistaredes\/wp-content\/uploads\/2022\/12\/Imagen-6.png 546w, https:\/\/www.gipps.org\/revistaredes\/wp-content\/uploads\/2022\/12\/Imagen-6-300x274.png 300w\" sizes=\"(max-width: 546px) 100vw, 546px\" \/><\/figure><\/div>\n\n\n\n<p style=\"text-align:center\">Nota. Imagen proporcionada por la\nautora (Jorge caruso, 2021).<\/p>\n\n\n\n<div class=\"wp-block-image\"><figure class=\"aligncenter\"><img decoding=\"async\" loading=\"lazy\" width=\"558\" height=\"596\" src=\"https:\/\/www.gipps.org\/revistaredes\/wp-content\/uploads\/2022\/12\/Imagen-7.png\" alt=\"\" class=\"wp-image-1034\" srcset=\"https:\/\/www.gipps.org\/revistaredes\/wp-content\/uploads\/2022\/12\/Imagen-7.png 558w, https:\/\/www.gipps.org\/revistaredes\/wp-content\/uploads\/2022\/12\/Imagen-7-281x300.png 281w\" sizes=\"(max-width: 558px) 100vw, 558px\" \/><\/figure><\/div>\n\n\n\n<p style=\"text-align:center\">Nota. Imagen proporcionada por la\nautora (Jorge caruso, 2021).<\/p>\n\n\n\n<p><strong>Contactos<\/strong><\/p>\n\n\n\n<ul><li>144- violencia contra la\nmujer<\/li><li>Polic\u00eda <\/li><li>Ambulancia<\/li><li>Familiares<\/li><li>Tene a mano por si surge\nuna emergencia: documentos y papeles importantes, dinero, tel\u00e9fono. Personal y\nde tus hijos\/as. <\/li><\/ul>\n\n\n\n<p><strong>La clave: construir redes <\/strong><\/p>\n\n\n\n<p><strong>&nbsp;&nbsp;&nbsp;&nbsp;&nbsp;&nbsp;&nbsp;&nbsp;&nbsp;&nbsp;&nbsp; <\/strong>Frente a la violencia de\ng\u00e9nero, la mujer, adem\u00e1s de ser v\u00edctima, debe sostener y responsabilizarse de\nmiles de factores multicausales que se modifican frente a la crisis. Denunciar,\npresentarse en juzgados, socializar la situaci\u00f3n, ir a terapia, sostener un\nr\u00e9gimen de visitas, hacerse cargo de sus hijos, etc. <\/p>\n\n\n\n<p>Las\nmujeres que denuncian y obtienen una medida provisoria vienen sufriendo, y al\ndenunciar se les suma una carga, y se las responsabiliza de su propio cuidado\npersonal y familiar, sin ning\u00fan tipo de acompa\u00f1amiento.<\/p>\n\n\n\n<p>Por eso, conta siempre con aquellas personas que te acompa\u00f1an\nen la vida cotidiana, mantene contacto con las personas de confianza que tengas\nalrededor, y si est\u00e1s aislada, busca que aquellos que viven a tu alrededor se\nden cuenta de lo que est\u00e1s pasando. <\/p>\n\n\n\n<p>La\nclave para transitar un proceso de violencia y judicial con \u00e9xito, es\nsostenerte en tus redes de confianza y que las mismas te acompa\u00f1en, al igual\nque debe hacerlo un equipo interdisciplinario otorgado por la justicia. <\/p>\n\n\n\n<p>Las v\u00edctimas de violencia familiar no son masoquistas ni\nobtienen satisfacci\u00f3n alguna del hecho de vivir amenazadas y da\u00f1adas, sino que\nquedan atrapadas en un ciclo de violencia, aprenden la impotencia y se\nidentifican con el agresor como defensa cuando creen que su poder es total y\nque ellas han perdido el control sobre sus vidas. Ser maltratada por un ser\nquerido lleva a un callej\u00f3n sin salida aparente: ni opciones ni energ\u00eda.\n(Ferreira, 2017)<\/p>\n\n\n\n<p><strong>Referencias<\/strong><\/p>\n\n\n\n<p>Caruso, J. M. (2020). Violencia Intrafamiliar y de G\u00e9nero Estudio de\nRevisi\u00f3n Sistem\u00e1tica: Intervenci\u00f3n sobre los varones implicados. <em>Calidad de\nVida y Salud, 13<\/em>(ESPECIAL), 53-82.<\/p>\n\n\n\n<p>De G\u00e9nero, O. D. L. V. (2020). <em>Ahora que si nos ven. Informe\nfemicidios<\/em>. Argentina. <a href=\"https:\/\/ahoraquesinosven.com.ar\">https:\/\/ahoraquesinosven.com.ar<\/a>\n<\/p>\n\n\n\n<p>Janin, B. (2002). Las marcas de la violencia. Los efectos del maltrato en\nla estructuraci\u00f3n subjetiva. <em>Cuadernos de Psiquiatr\u00eda y Psicoterapia del\nNi\u00f1o y del Adolescente, 33<\/em>(34), 149-171.<\/p>\n\n\n\n<p>Perrone, R., y Spivak, H. (1997). <em>Violencia y abusos sexuales en la familia un abordaje sist\u00e9mico y comunicacional<\/em> (No. 362.8292 P4). Vila de Gerli, M. C., Corsi, J., Ferreira, G., Finkelstein, S., y Mart\u00ednez, L. (1987). Violencia familiar: mujeres golpeadas. En <em>Violencia familiar: mujeres golpeadas<\/em>. <\/p>\n\n\n\n<blockquote class=\"wp-block-quote\"><p>Las opiniones expresadas por los autores no necesariamente reflejan la postura del editor de la publicaci\u00f3n. Esta revista es una publicaci\u00f3n semestral en espa\u00f1ol, arbitrada, de acceso abierto y licenciamiento\u00a0Creative Commons; puede ser reproducida con fines no lucrativos, siempre y cuando se cite la fuente completa y su direcci\u00f3n electr\u00f3nica. De otra forma requiere permiso previo por escrito.<\/p><\/blockquote>\n","protected":false},"excerpt":{"rendered":"<div class=\"mh-excerpt\"><p>Candela Armi\u00f1ana Espejo Universidad de Flores Correo electr\u00f3nico: cande.espejo@gmail.com Cita recomendada: Armi\u00f1ana, C. (2022). Acompa\u00f1ando mujeres: Gu\u00eda de acci\u00f3n para mujeres v\u00edctimas de violencia. Revista <a class=\"mh-excerpt-more\" href=\"https:\/\/www.gipps.org\/revistaredes\/recomendaciones\/acompanando-mujeres-guia-de-accion-para-mujeres-victimas-de-violencia\/\" title=\"ACOMPA\u00d1ANDO MUJERES: GU\u00cdA DE ACCI\u00d3N PARA MUJERES V\u00cdCTIMAS DE VIOLENCIA\">[&#8230;]<\/a><\/p>\n<\/div>","protected":false},"author":1,"featured_media":1091,"comment_status":"closed","ping_status":"closed","sticky":false,"template":"","format":"standard","meta":[],"categories":[7],"tags":[],"_links":{"self":[{"href":"https:\/\/www.gipps.org\/revistaredes\/wp-json\/wp\/v2\/posts\/1027"}],"collection":[{"href":"https:\/\/www.gipps.org\/revistaredes\/wp-json\/wp\/v2\/posts"}],"about":[{"href":"https:\/\/www.gipps.org\/revistaredes\/wp-json\/wp\/v2\/types\/post"}],"author":[{"embeddable":true,"href":"https:\/\/www.gipps.org\/revistaredes\/wp-json\/wp\/v2\/users\/1"}],"replies":[{"embeddable":true,"href":"https:\/\/www.gipps.org\/revistaredes\/wp-json\/wp\/v2\/comments?post=1027"}],"version-history":[{"count":3,"href":"https:\/\/www.gipps.org\/revistaredes\/wp-json\/wp\/v2\/posts\/1027\/revisions"}],"predecessor-version":[{"id":1090,"href":"https:\/\/www.gipps.org\/revistaredes\/wp-json\/wp\/v2\/posts\/1027\/revisions\/1090"}],"wp:featuredmedia":[{"embeddable":true,"href":"https:\/\/www.gipps.org\/revistaredes\/wp-json\/wp\/v2\/media\/1091"}],"wp:attachment":[{"href":"https:\/\/www.gipps.org\/revistaredes\/wp-json\/wp\/v2\/media?parent=1027"}],"wp:term":[{"taxonomy":"category","embeddable":true,"href":"https:\/\/www.gipps.org\/revistaredes\/wp-json\/wp\/v2\/categories?post=1027"},{"taxonomy":"post_tag","embeddable":true,"href":"https:\/\/www.gipps.org\/revistaredes\/wp-json\/wp\/v2\/tags?post=1027"}],"curies":[{"name":"wp","href":"https:\/\/api.w.org\/{rel}","templated":true}]}}